{"id":864,"date":"2014-08-19T17:26:24","date_gmt":"2014-08-19T20:26:24","guid":{"rendered":"http:\/\/www.elkaminante.com.uy\/?p=864"},"modified":"2014-08-19T17:26:24","modified_gmt":"2014-08-19T20:26:24","slug":"buenos-aires-fin-de-semana-de-la-nostalgia","status":"publish","type":"post","link":"https:\/\/elkaminante.com.uy\/en\/blog\/buenos-aires-fin-de-semana-de-la-nostalgia\/","title":{"rendered":"BUENOS AIRES fin de semana de la nostalgia"},"content":{"rendered":"\n<figure class=\"wp-block-image\"><img decoding=\"async\" src=\"http:\/\/elkaminante.com.uy\/wp-content\/uploads\/Afiche-Promosi\u00f3n-BsAs.jpg\" alt=\"\" class=\"wp-image-5899\"\/><\/figure>\n\n\n<p align=\"center\"><span style=\"color: #ff0000;\"><b>Buenos Aires&nbsp;<\/b><\/span><\/p>\n<p align=\"center\"><span style=\"color: #ff0000;\"><b>AGOSTO 2014<\/b><\/span><\/p>\n<p align=\"center\"><span style=\"color: #000080;\"><b><i>Nos vamos por el fin de semana largo!<\/i><\/b><\/span><\/p>\n<p align=\"center\"><span style=\"color: #000080;\"><b><i>Inolvidable!!!<\/i><\/b><\/span><b><\/b><\/p>\n<p>&nbsp;<\/p>\n<p>Buenos Aires palpita en los grandes teatros y en los peque\u00f1os escenarios, donde todos los d\u00edas conviven los cl\u00e1sicos, las propuestas vanguardistas y experimentales, con las masivas y populares. El tango se manifiesta por toda la ciudad. Adem\u00e1s de los distintos circuitos comerciales, cada uno con productos bien definidos: antig\u00fcedades en San Telmo, libros en Av. Corrientes, cueros en el barrio de Retiro, souvenires en La Boca. La vanguardia en dise\u00f1o de objetos, ropa y decoraci\u00f3n est\u00e1 en el barrio de Palermo Viejo.<\/p>\n<p>Salida: <strong>VIERNES 22 de AGOSTO<\/strong><\/p>\n<p>Hora::: <strong>20.30hs. <\/strong><\/p>\n<p>Serviremos desayuno a bordo. Llegada a la ciudad de Buenos Aires: 23 de Agosto a la ma\u00f1ana<\/p>\n<p>Hotel: <strong>La Perla 2 noches con media pensi\u00f3n y cena show<\/strong><\/p>\n<p><strong>Retorno:<\/strong> Lunes 25 al mediod\u00eda<\/p>\n<p>Llegada a MVD: \u00faltimas horas de la noche<\/p>\n<p style=\"text-align: right;\"><span style=\"color: #000000;\">transporte&nbsp;<\/span><strong style=\"color: #000000;\"><span style=\"color: #ff0000;\">el<span style=\"color: #000099;\">k<\/span>aminante Viajes&amp;Turismo<\/span><\/strong><span style=\"color: #000000;\">\u00ae<\/span><\/p>","protected":false},"excerpt":{"rendered":"<p>Buenos Aires&nbsp; AGOSTO 2014 Nos vamos por el fin de semana largo! Inolvidable!!! &nbsp; Buenos Aires palpita en los grandes teatros y en los peque\u00f1os escenarios, donde todos los d\u00edas conviven los cl\u00e1sicos, las propuestas vanguardistas y experimentales, con las masivas y populares. El tango se manifiesta por toda la ciudad. Adem\u00e1s de los distintos&hellip;<\/p>\n","protected":false},"author":2,"featured_media":5896,"comment_status":"closed","ping_status":"closed","sticky":false,"template":"","format":"standard","meta":{"_acf_changed":false,"inline_featured_image":false,"footnotes":""},"categories":[38],"tags":[],"class_list":["post-864","post","type-post","status-publish","format-standard","has-post-thumbnail","hentry","category-novedades","entry","has-media"],"acf":[],"yoast_head":"<!-- This site is optimized with the Yoast SEO plugin v27.2 - https:\/\/yoast.com\/product\/yoast-seo-wordpress\/ -->\n<title>BUENOS AIRES fin de semana de la nostalgia<\/title>\n<meta name=\"robots\" content=\"index, follow, max-snippet:-1, max-image-preview:large, max-video-preview:-1\" \/>\n<link rel=\"canonical\" href=\"https:\/\/elkaminante.com.uy\/blog\/buenos-aires-fin-de-semana-de-la-nostalgia\/\" \/>\n<meta property=\"og:locale\" content=\"en_US\" \/>\n<meta property=\"og:type\" content=\"article\" \/>\n<meta property=\"og:title\" content=\"BUENOS AIRES fin de semana de la nostalgia\" \/>\n<meta property=\"og:description\" content=\"Buenos Aires&nbsp; AGOSTO 2014 Nos vamos por el fin de semana largo! Inolvidable!!! &nbsp; Buenos Aires palpita en los grandes teatros y en los peque\u00f1os escenarios, donde todos los d\u00edas conviven los cl\u00e1sicos, las propuestas vanguardistas y experimentales, con las masivas y populares. El tango se manifiesta por toda la ciudad. Adem\u00e1s de los distintos&hellip;\" \/>\n<meta property=\"og:url\" content=\"https:\/\/elkaminante.com.uy\/blog\/buenos-aires-fin-de-semana-de-la-nostalgia\/\" \/>\n<meta property=\"og:site_name\" content=\"El Kaminante\" \/>\n<meta property=\"article:published_time\" content=\"2014-08-19T20:26:24+00:00\" \/>\n<meta name=\"author\" content=\"El Kaminante\" \/>\n<meta name=\"twitter:card\" content=\"summary_large_image\" \/>\n<meta name=\"twitter:label1\" content=\"Written by\" \/>\n\t<meta name=\"twitter:data1\" content=\"El Kaminante\" \/>\n\t<meta name=\"twitter:label2\" content=\"Est. reading time\" \/>\n\t<meta name=\"twitter:data2\" content=\"1 minute\" \/>\n<script type=\"application\/ld+json\" class=\"yoast-schema-graph\">{\"@context\":\"https:\/\/schema.org\",\"@graph\":[{\"@type\":\"Article\",\"@id\":\"https:\/\/elkaminante.com.uy\/blog\/buenos-aires-fin-de-semana-de-la-nostalgia\/#article\",\"isPartOf\":{\"@id\":\"https:\/\/elkaminante.com.uy\/blog\/buenos-aires-fin-de-semana-de-la-nostalgia\/\"},\"author\":{\"name\":\"El Kaminante\",\"@id\":\"https:\/\/elkaminante.com.uy\/#\/schema\/person\/3bef2e6076b30f7fb49c2ebfef68e158\"},\"headline\":\"BUENOS AIRES fin de semana de la nostalgia\",\"datePublished\":\"2014-08-19T20:26:24+00:00\",\"mainEntityOfPage\":{\"@id\":\"https:\/\/elkaminante.com.uy\/blog\/buenos-aires-fin-de-semana-de-la-nostalgia\/\"},\"wordCount\":165,\"publisher\":{\"@id\":\"https:\/\/elkaminante.com.uy\/#organization\"},\"image\":{\"@id\":\"https:\/\/elkaminante.com.uy\/blog\/buenos-aires-fin-de-semana-de-la-nostalgia\/#primaryimage\"},\"thumbnailUrl\":\"\",\"articleSection\":[\"Novedades\"],\"inLanguage\":\"en-US\"},{\"@type\":\"WebPage\",\"@id\":\"https:\/\/elkaminante.com.uy\/blog\/buenos-aires-fin-de-semana-de-la-nostalgia\/\",\"url\":\"https:\/\/elkaminante.com.uy\/blog\/buenos-aires-fin-de-semana-de-la-nostalgia\/\",\"name\":\"BUENOS AIRES fin de semana de la nostalgia\",\"isPartOf\":{\"@id\":\"https:\/\/elkaminante.com.uy\/#website\"},\"primaryImageOfPage\":{\"@id\":\"https:\/\/elkaminante.com.uy\/blog\/buenos-aires-fin-de-semana-de-la-nostalgia\/#primaryimage\"},\"image\":{\"@id\":\"https:\/\/elkaminante.com.uy\/blog\/buenos-aires-fin-de-semana-de-la-nostalgia\/#primaryimage\"},\"thumbnailUrl\":\"\",\"datePublished\":\"2014-08-19T20:26:24+00:00\",\"breadcrumb\":{\"@id\":\"https:\/\/elkaminante.com.uy\/blog\/buenos-aires-fin-de-semana-de-la-nostalgia\/#breadcrumb\"},\"inLanguage\":\"en-US\",\"potentialAction\":[{\"@type\":\"ReadAction\",\"target\":[\"https:\/\/elkaminante.com.uy\/blog\/buenos-aires-fin-de-semana-de-la-nostalgia\/\"]}]},{\"@type\":\"ImageObject\",\"inLanguage\":\"en-US\",\"@id\":\"https:\/\/elkaminante.com.uy\/blog\/buenos-aires-fin-de-semana-de-la-nostalgia\/#primaryimage\",\"url\":\"\",\"contentUrl\":\"\"},{\"@type\":\"BreadcrumbList\",\"@id\":\"https:\/\/elkaminante.com.uy\/blog\/buenos-aires-fin-de-semana-de-la-nostalgia\/#breadcrumb\",\"itemListElement\":[{\"@type\":\"ListItem\",\"position\":1,\"name\":\"Inicio\",\"item\":\"https:\/\/elkaminante.com.uy\/en\/\"},{\"@type\":\"ListItem\",\"position\":2,\"name\":\"BUENOS AIRES fin de semana de la nostalgia\"}]},{\"@type\":\"WebSite\",\"@id\":\"https:\/\/elkaminante.com.uy\/#website\",\"url\":\"https:\/\/elkaminante.com.uy\/\",\"name\":\"El Kaminante\",\"description\":\"Viajes &amp; Turismo\",\"publisher\":{\"@id\":\"https:\/\/elkaminante.com.uy\/#organization\"},\"potentialAction\":[{\"@type\":\"SearchAction\",\"target\":{\"@type\":\"EntryPoint\",\"urlTemplate\":\"https:\/\/elkaminante.com.uy\/?s={search_term_string}\"},\"query-input\":{\"@type\":\"PropertyValueSpecification\",\"valueRequired\":true,\"valueName\":\"search_term_string\"}}],\"inLanguage\":\"en-US\"},{\"@type\":\"Organization\",\"@id\":\"https:\/\/elkaminante.com.uy\/#organization\",\"name\":\"El Kaminante\",\"url\":\"https:\/\/elkaminante.com.uy\/\",\"logo\":{\"@type\":\"ImageObject\",\"inLanguage\":\"en-US\",\"@id\":\"https:\/\/elkaminante.com.uy\/#\/schema\/logo\/image\/\",\"url\":\"https:\/\/elkaminante.com.uy\/wp-content\/uploads\/2025\/02\/logo-elkaminante-blanco.svg\",\"contentUrl\":\"https:\/\/elkaminante.com.uy\/wp-content\/uploads\/2025\/02\/logo-elkaminante-blanco.svg\",\"caption\":\"El Kaminante\"},\"image\":{\"@id\":\"https:\/\/elkaminante.com.uy\/#\/schema\/logo\/image\/\"}},{\"@type\":\"Person\",\"@id\":\"https:\/\/elkaminante.com.uy\/#\/schema\/person\/3bef2e6076b30f7fb49c2ebfef68e158\",\"name\":\"El Kaminante\",\"image\":{\"@type\":\"ImageObject\",\"inLanguage\":\"en-US\",\"@id\":\"https:\/\/secure.gravatar.com\/avatar\/e323e6b9b7e9228f473a6bf0248544fb5734b5446609827abc7d3805b450f589?s=96&d=mm&r=g\",\"url\":\"https:\/\/secure.gravatar.com\/avatar\/e323e6b9b7e9228f473a6bf0248544fb5734b5446609827abc7d3805b450f589?s=96&d=mm&r=g\",\"contentUrl\":\"https:\/\/secure.gravatar.com\/avatar\/e323e6b9b7e9228f473a6bf0248544fb5734b5446609827abc7d3805b450f589?s=96&d=mm&r=g\",\"caption\":\"El Kaminante\"},\"description\":\"Viajes &amp; Turismo\"}]}<\/script>\n<!-- \/ Yoast SEO plugin. -->","yoast_head_json":{"title":"BUENOS AIRES fin de semana de la nostalgia","robots":{"index":"index","follow":"follow","max-snippet":"max-snippet:-1","max-image-preview":"max-image-preview:large","max-video-preview":"max-video-preview:-1"},"canonical":"https:\/\/elkaminante.com.uy\/blog\/buenos-aires-fin-de-semana-de-la-nostalgia\/","og_locale":"en_US","og_type":"article","og_title":"BUENOS AIRES fin de semana de la nostalgia","og_description":"Buenos Aires&nbsp; AGOSTO 2014 Nos vamos por el fin de semana largo! Inolvidable!!! &nbsp; Buenos Aires palpita en los grandes teatros y en los peque\u00f1os escenarios, donde todos los d\u00edas conviven los cl\u00e1sicos, las propuestas vanguardistas y experimentales, con las masivas y populares. El tango se manifiesta por toda la ciudad. Adem\u00e1s de los distintos&hellip;","og_url":"https:\/\/elkaminante.com.uy\/blog\/buenos-aires-fin-de-semana-de-la-nostalgia\/","og_site_name":"El Kaminante","article_published_time":"2014-08-19T20:26:24+00:00","author":"El Kaminante","twitter_card":"summary_large_image","twitter_misc":{"Written by":"El Kaminante","Est. reading time":"1 minute"},"schema":{"@context":"https:\/\/schema.org","@graph":[{"@type":"Article","@id":"https:\/\/elkaminante.com.uy\/blog\/buenos-aires-fin-de-semana-de-la-nostalgia\/#article","isPartOf":{"@id":"https:\/\/elkaminante.com.uy\/blog\/buenos-aires-fin-de-semana-de-la-nostalgia\/"},"author":{"name":"El Kaminante","@id":"https:\/\/elkaminante.com.uy\/#\/schema\/person\/3bef2e6076b30f7fb49c2ebfef68e158"},"headline":"BUENOS AIRES fin de semana de la nostalgia","datePublished":"2014-08-19T20:26:24+00:00","mainEntityOfPage":{"@id":"https:\/\/elkaminante.com.uy\/blog\/buenos-aires-fin-de-semana-de-la-nostalgia\/"},"wordCount":165,"publisher":{"@id":"https:\/\/elkaminante.com.uy\/#organization"},"image":{"@id":"https:\/\/elkaminante.com.uy\/blog\/buenos-aires-fin-de-semana-de-la-nostalgia\/#primaryimage"},"thumbnailUrl":"","articleSection":["Novedades"],"inLanguage":"en-US"},{"@type":"WebPage","@id":"https:\/\/elkaminante.com.uy\/blog\/buenos-aires-fin-de-semana-de-la-nostalgia\/","url":"https:\/\/elkaminante.com.uy\/blog\/buenos-aires-fin-de-semana-de-la-nostalgia\/","name":"BUENOS AIRES fin de semana de la nostalgia","isPartOf":{"@id":"https:\/\/elkaminante.com.uy\/#website"},"primaryImageOfPage":{"@id":"https:\/\/elkaminante.com.uy\/blog\/buenos-aires-fin-de-semana-de-la-nostalgia\/#primaryimage"},"image":{"@id":"https:\/\/elkaminante.com.uy\/blog\/buenos-aires-fin-de-semana-de-la-nostalgia\/#primaryimage"},"thumbnailUrl":"","datePublished":"2014-08-19T20:26:24+00:00","breadcrumb":{"@id":"https:\/\/elkaminante.com.uy\/blog\/buenos-aires-fin-de-semana-de-la-nostalgia\/#breadcrumb"},"inLanguage":"en-US","potentialAction":[{"@type":"ReadAction","target":["https:\/\/elkaminante.com.uy\/blog\/buenos-aires-fin-de-semana-de-la-nostalgia\/"]}]},{"@type":"ImageObject","inLanguage":"en-US","@id":"https:\/\/elkaminante.com.uy\/blog\/buenos-aires-fin-de-semana-de-la-nostalgia\/#primaryimage","url":"","contentUrl":""},{"@type":"BreadcrumbList","@id":"https:\/\/elkaminante.com.uy\/blog\/buenos-aires-fin-de-semana-de-la-nostalgia\/#breadcrumb","itemListElement":[{"@type":"ListItem","position":1,"name":"Inicio","item":"https:\/\/elkaminante.com.uy\/en\/"},{"@type":"ListItem","position":2,"name":"BUENOS AIRES fin de semana de la nostalgia"}]},{"@type":"WebSite","@id":"https:\/\/elkaminante.com.uy\/#website","url":"https:\/\/elkaminante.com.uy\/","name":"El Kaminante","description":"Viajes &amp; Turismo","publisher":{"@id":"https:\/\/elkaminante.com.uy\/#organization"},"potentialAction":[{"@type":"SearchAction","target":{"@type":"EntryPoint","urlTemplate":"https:\/\/elkaminante.com.uy\/?s={search_term_string}"},"query-input":{"@type":"PropertyValueSpecification","valueRequired":true,"valueName":"search_term_string"}}],"inLanguage":"en-US"},{"@type":"Organization","@id":"https:\/\/elkaminante.com.uy\/#organization","name":"El Kaminante","url":"https:\/\/elkaminante.com.uy\/","logo":{"@type":"ImageObject","inLanguage":"en-US","@id":"https:\/\/elkaminante.com.uy\/#\/schema\/logo\/image\/","url":"https:\/\/elkaminante.com.uy\/wp-content\/uploads\/2025\/02\/logo-elkaminante-blanco.svg","contentUrl":"https:\/\/elkaminante.com.uy\/wp-content\/uploads\/2025\/02\/logo-elkaminante-blanco.svg","caption":"El Kaminante"},"image":{"@id":"https:\/\/elkaminante.com.uy\/#\/schema\/logo\/image\/"}},{"@type":"Person","@id":"https:\/\/elkaminante.com.uy\/#\/schema\/person\/3bef2e6076b30f7fb49c2ebfef68e158","name":"El Kaminante","image":{"@type":"ImageObject","inLanguage":"en-US","@id":"https:\/\/secure.gravatar.com\/avatar\/e323e6b9b7e9228f473a6bf0248544fb5734b5446609827abc7d3805b450f589?s=96&d=mm&r=g","url":"https:\/\/secure.gravatar.com\/avatar\/e323e6b9b7e9228f473a6bf0248544fb5734b5446609827abc7d3805b450f589?s=96&d=mm&r=g","contentUrl":"https:\/\/secure.gravatar.com\/avatar\/e323e6b9b7e9228f473a6bf0248544fb5734b5446609827abc7d3805b450f589?s=96&d=mm&r=g","caption":"El Kaminante"},"description":"Viajes &amp; Turismo"}]}},"_links":{"self":[{"href":"https:\/\/elkaminante.com.uy\/en\/wp-json\/wp\/v2\/posts\/864","targetHints":{"allow":["GET"]}}],"collection":[{"href":"https:\/\/elkaminante.com.uy\/en\/wp-json\/wp\/v2\/posts"}],"about":[{"href":"https:\/\/elkaminante.com.uy\/en\/wp-json\/wp\/v2\/types\/post"}],"author":[{"embeddable":true,"href":"https:\/\/elkaminante.com.uy\/en\/wp-json\/wp\/v2\/users\/2"}],"replies":[{"embeddable":true,"href":"https:\/\/elkaminante.com.uy\/en\/wp-json\/wp\/v2\/comments?post=864"}],"version-history":[{"count":0,"href":"https:\/\/elkaminante.com.uy\/en\/wp-json\/wp\/v2\/posts\/864\/revisions"}],"wp:featuredmedia":[{"embeddable":true,"href":"https:\/\/elkaminante.com.uy\/en\/wp-json\/"}],"wp:attachment":[{"href":"https:\/\/elkaminante.com.uy\/en\/wp-json\/wp\/v2\/media?parent=864"}],"wp:term":[{"taxonomy":"category","embeddable":true,"href":"https:\/\/elkaminante.com.uy\/en\/wp-json\/wp\/v2\/categories?post=864"},{"taxonomy":"post_tag","embeddable":true,"href":"https:\/\/elkaminante.com.uy\/en\/wp-json\/wp\/v2\/tags?post=864"}],"curies":[{"name":"wp","href":"https:\/\/api.w.org\/{rel}","templated":true}]}}