{"id":8467,"date":"2024-07-25T19:58:11","date_gmt":"2024-07-25T22:58:11","guid":{"rendered":"https:\/\/elkaminante.com.uy\/?p=8467"},"modified":"2025-04-17T10:46:35","modified_gmt":"2025-04-17T13:46:35","slug":"a-la-tierra-de-los-incas-una-aventura-inolvidable","status":"publish","type":"post","link":"https:\/\/elkaminante.com.uy\/en\/blog\/a-la-tierra-de-los-incas-una-aventura-inolvidable\/","title":{"rendered":"A la Tierra de los Incas: Una aventura inolvidable"},"content":{"rendered":"\n<p><p>Hola\u2026! Escribe Camila por ac\u00e1 \ud83d\udc4b\ud83c\udffbEn julio viajamos a la Tierra de los Incas, junto con un grupo de\u00a0valientes. Un viaje incre\u00edble que tuve la suerte de poder acompa\u00f1ar como coordinadora.Podr\u00eda hablarles de much\u00edsimas cosas, pero quiero compartir algunos destacados de este viaje y con el grupo que nos acompa\u00f1\u00f3.<strong>El Grupo<\/strong>Viajar en grupo es una experiencia desafiante y hermosa a la vez. Este grupo fue diverso y variado, encontrando siempre puntos de encuentro en sus diferencias, manteniendo una linda energ\u00eda y respetando los tiempos y deseos de todos. Durante todo el viaje, el clima del grupo fue espectacular, permitiendo intercambios s\u00faper interesantes y la formaci\u00f3n de nuevas amistades, incluso con proyectos de futuros viajes juntos.Su curiosidad nos permiti\u00f3 aprender mucho en cada lugar que visitamos. Los gu\u00edas quedaron encantados con nuestras preguntas y entusiasmo, construyendo un profundo respeto y admiraci\u00f3n por las culturas que conocimos.<strong>Los Paisajes<\/strong>La ruta, que a veces puede asustar, fue nuestra fiel compa\u00f1era, ofreci\u00e9ndonos paisajes variados: desde llanuras des\u00e9rticas, picos nevados, valles verdes y monta\u00f1as de colores. Cada lugar, con su fauna, flora y temperaturas diversas, nos hizo entender la majestuosidad del antiguo imperio inca cuyas rutas transit\u00e1bamos.Las fotos que no faltaron y las artesan\u00edas que nos fuimos llevando e \u00edbamos compartiendo en cada lugar. Las charlas en las cenas y la emoci\u00f3n por ver a Uruguay campe\u00f3n, aunque no se cumpli\u00f3, tambi\u00e9n formaron parte de este viaje inolvidable.<strong>La Altura<\/strong>Poco a poco nos adaptamos a la altura, a los acentos y a los cambios de planes, descubriendo nuevas posibilidades y confiando en que el camino en s\u00ed es la recompensa.Llegamos a estar a m\u00e1s de 4.000 metros de altura. Aprendimos que la fatiga se presentaba si no camin\u00e1bamos m\u00e1s despacio y respir\u00e1bamos m\u00e1s profundo. La confianza que El Kaminante con sus 25 a\u00f1os de experiencia, y Juan con sus relatos y recomendaciones, hicieron el viaje muy disfrutable, incluso en asuntos de salud, permiti\u00e9ndonos vivir cada d\u00eda con total tranquilidad.<strong>La Cultura Inca<\/strong>Viajar a la tierra de los incas es una experiencia \u00fanica. A cada paso del camino, conectamos con la civilizaci\u00f3n inca y nos involucramos con su legado. As\u00ed, cuando llegamos a Cuzco, visitamos sus lugares sagrados y finalmente conocimos Machu Picchu, la admiraci\u00f3n y las emociones fueron enormes.<em><strong>Puede parecer un viaje largo &#8211; y lo es! &#8211; pero cada kil\u00f3metro vali\u00f3 la pena.<\/strong><\/em>\u00a1Y este grupo supo aprovechar cada momento al m\u00e1ximo!<\/p><\/p>\n","protected":false},"excerpt":{"rendered":"<p>Hola\u2026! Escribe Camila por ac\u00e1 \ud83d\udc4b\ud83c\udffbEn julio viajamos a la Tierra de los Incas, junto con un grupo de\u00a0valientes. Un viaje incre\u00edble que tuve la suerte de poder acompa\u00f1ar como coordinadora.Podr\u00eda hablarles de much\u00edsimas cosas, pero quiero compartir algunos destacados de este viaje y con el grupo que nos acompa\u00f1\u00f3.El GrupoViajar en grupo es una&hellip;<\/p>\n","protected":false},"author":2,"featured_media":8470,"comment_status":"closed","ping_status":"closed","sticky":false,"template":"","format":"standard","meta":{"_acf_changed":false,"inline_featured_image":false,"footnotes":""},"categories":[39,43,51],"tags":[50],"class_list":["post-8467","post","type-post","status-publish","format-standard","has-post-thumbnail","hentry","category-la-tierra-de-los-incas","category-paseos","category-viajes","tag-peru","entry","has-media"],"acf":[],"yoast_head":"<!-- This site is optimized with the Yoast SEO plugin v27.2 - https:\/\/yoast.com\/product\/yoast-seo-wordpress\/ -->\n<title>A la Tierra de los Incas: Una aventura inolvidable<\/title>\n<meta name=\"robots\" content=\"index, follow, max-snippet:-1, max-image-preview:large, max-video-preview:-1\" \/>\n<link rel=\"canonical\" href=\"https:\/\/elkaminante.com.uy\/blog\/a-la-tierra-de-los-incas-una-aventura-inolvidable\/\" \/>\n<meta property=\"og:locale\" content=\"en_US\" \/>\n<meta property=\"og:type\" content=\"article\" \/>\n<meta property=\"og:title\" content=\"A la Tierra de los Incas: Una aventura inolvidable\" \/>\n<meta property=\"og:description\" content=\"Hola\u2026! Escribe Camila por ac\u00e1 \ud83d\udc4b\ud83c\udffbEn julio viajamos a la Tierra de los Incas, junto con un grupo de\u00a0valientes. Un viaje incre\u00edble que tuve la suerte de poder acompa\u00f1ar como coordinadora.Podr\u00eda hablarles de much\u00edsimas cosas, pero quiero compartir algunos destacados de este viaje y con el grupo que nos acompa\u00f1\u00f3.El GrupoViajar en grupo es una&hellip;\" \/>\n<meta property=\"og:url\" content=\"https:\/\/elkaminante.com.uy\/blog\/a-la-tierra-de-los-incas-una-aventura-inolvidable\/\" \/>\n<meta property=\"og:site_name\" content=\"El Kaminante\" \/>\n<meta property=\"article:published_time\" content=\"2024-07-25T22:58:11+00:00\" \/>\n<meta property=\"article:modified_time\" content=\"2025-04-17T13:46:35+00:00\" \/>\n<meta property=\"og:image\" content=\"https:\/\/elkaminante.com.uy\/wp-content\/uploads\/2024\/07\/slider-blog-elkami-940-x-530-px.jpg\" \/>\n\t<meta property=\"og:image:width\" content=\"1175\" \/>\n\t<meta property=\"og:image:height\" content=\"663\" \/>\n\t<meta property=\"og:image:type\" content=\"image\/jpeg\" \/>\n<meta name=\"author\" content=\"El Kaminante\" \/>\n<meta name=\"twitter:card\" content=\"summary_large_image\" \/>\n<meta name=\"twitter:label1\" content=\"Written by\" \/>\n\t<meta name=\"twitter:data1\" content=\"El Kaminante\" \/>\n\t<meta name=\"twitter:label2\" content=\"Est. reading time\" \/>\n\t<meta name=\"twitter:data2\" content=\"3 minutes\" \/>\n<script type=\"application\/ld+json\" class=\"yoast-schema-graph\">{\"@context\":\"https:\/\/schema.org\",\"@graph\":[{\"@type\":\"Article\",\"@id\":\"https:\/\/elkaminante.com.uy\/blog\/a-la-tierra-de-los-incas-una-aventura-inolvidable\/#article\",\"isPartOf\":{\"@id\":\"https:\/\/elkaminante.com.uy\/blog\/a-la-tierra-de-los-incas-una-aventura-inolvidable\/\"},\"author\":{\"name\":\"El Kaminante\",\"@id\":\"https:\/\/elkaminante.com.uy\/#\/schema\/person\/3bef2e6076b30f7fb49c2ebfef68e158\"},\"headline\":\"A la Tierra de los Incas: Una aventura inolvidable\",\"datePublished\":\"2024-07-25T22:58:11+00:00\",\"dateModified\":\"2025-04-17T13:46:35+00:00\",\"mainEntityOfPage\":{\"@id\":\"https:\/\/elkaminante.com.uy\/blog\/a-la-tierra-de-los-incas-una-aventura-inolvidable\/\"},\"wordCount\":442,\"publisher\":{\"@id\":\"https:\/\/elkaminante.com.uy\/#organization\"},\"image\":{\"@id\":\"https:\/\/elkaminante.com.uy\/blog\/a-la-tierra-de-los-incas-una-aventura-inolvidable\/#primaryimage\"},\"thumbnailUrl\":\"https:\/\/elkaminante.com.uy\/wp-content\/uploads\/2024\/07\/slider-blog-elkami-940-x-530-px.jpg\",\"keywords\":[\"Per\u00fa\"],\"articleSection\":[\"La Tierra de los Incas\",\"Paseos\",\"Viajes\"],\"inLanguage\":\"en-US\"},{\"@type\":\"WebPage\",\"@id\":\"https:\/\/elkaminante.com.uy\/blog\/a-la-tierra-de-los-incas-una-aventura-inolvidable\/\",\"url\":\"https:\/\/elkaminante.com.uy\/blog\/a-la-tierra-de-los-incas-una-aventura-inolvidable\/\",\"name\":\"A la Tierra de los Incas: Una aventura inolvidable\",\"isPartOf\":{\"@id\":\"https:\/\/elkaminante.com.uy\/#website\"},\"primaryImageOfPage\":{\"@id\":\"https:\/\/elkaminante.com.uy\/blog\/a-la-tierra-de-los-incas-una-aventura-inolvidable\/#primaryimage\"},\"image\":{\"@id\":\"https:\/\/elkaminante.com.uy\/blog\/a-la-tierra-de-los-incas-una-aventura-inolvidable\/#primaryimage\"},\"thumbnailUrl\":\"https:\/\/elkaminante.com.uy\/wp-content\/uploads\/2024\/07\/slider-blog-elkami-940-x-530-px.jpg\",\"datePublished\":\"2024-07-25T22:58:11+00:00\",\"dateModified\":\"2025-04-17T13:46:35+00:00\",\"breadcrumb\":{\"@id\":\"https:\/\/elkaminante.com.uy\/blog\/a-la-tierra-de-los-incas-una-aventura-inolvidable\/#breadcrumb\"},\"inLanguage\":\"en-US\",\"potentialAction\":[{\"@type\":\"ReadAction\",\"target\":[\"https:\/\/elkaminante.com.uy\/blog\/a-la-tierra-de-los-incas-una-aventura-inolvidable\/\"]}]},{\"@type\":\"ImageObject\",\"inLanguage\":\"en-US\",\"@id\":\"https:\/\/elkaminante.com.uy\/blog\/a-la-tierra-de-los-incas-una-aventura-inolvidable\/#primaryimage\",\"url\":\"https:\/\/elkaminante.com.uy\/wp-content\/uploads\/2024\/07\/slider-blog-elkami-940-x-530-px.jpg\",\"contentUrl\":\"https:\/\/elkaminante.com.uy\/wp-content\/uploads\/2024\/07\/slider-blog-elkami-940-x-530-px.jpg\",\"width\":1175,\"height\":663},{\"@type\":\"BreadcrumbList\",\"@id\":\"https:\/\/elkaminante.com.uy\/blog\/a-la-tierra-de-los-incas-una-aventura-inolvidable\/#breadcrumb\",\"itemListElement\":[{\"@type\":\"ListItem\",\"position\":1,\"name\":\"Inicio\",\"item\":\"https:\/\/elkaminante.com.uy\/en\/\"},{\"@type\":\"ListItem\",\"position\":2,\"name\":\"A la Tierra de los Incas: Una aventura inolvidable\"}]},{\"@type\":\"WebSite\",\"@id\":\"https:\/\/elkaminante.com.uy\/#website\",\"url\":\"https:\/\/elkaminante.com.uy\/\",\"name\":\"El Kaminante\",\"description\":\"Viajes &amp; Turismo\",\"publisher\":{\"@id\":\"https:\/\/elkaminante.com.uy\/#organization\"},\"potentialAction\":[{\"@type\":\"SearchAction\",\"target\":{\"@type\":\"EntryPoint\",\"urlTemplate\":\"https:\/\/elkaminante.com.uy\/?s={search_term_string}\"},\"query-input\":{\"@type\":\"PropertyValueSpecification\",\"valueRequired\":true,\"valueName\":\"search_term_string\"}}],\"inLanguage\":\"en-US\"},{\"@type\":\"Organization\",\"@id\":\"https:\/\/elkaminante.com.uy\/#organization\",\"name\":\"El Kaminante\",\"url\":\"https:\/\/elkaminante.com.uy\/\",\"logo\":{\"@type\":\"ImageObject\",\"inLanguage\":\"en-US\",\"@id\":\"https:\/\/elkaminante.com.uy\/#\/schema\/logo\/image\/\",\"url\":\"https:\/\/elkaminante.com.uy\/wp-content\/uploads\/2025\/02\/logo-elkaminante-blanco.svg\",\"contentUrl\":\"https:\/\/elkaminante.com.uy\/wp-content\/uploads\/2025\/02\/logo-elkaminante-blanco.svg\",\"caption\":\"El Kaminante\"},\"image\":{\"@id\":\"https:\/\/elkaminante.com.uy\/#\/schema\/logo\/image\/\"}},{\"@type\":\"Person\",\"@id\":\"https:\/\/elkaminante.com.uy\/#\/schema\/person\/3bef2e6076b30f7fb49c2ebfef68e158\",\"name\":\"El Kaminante\",\"image\":{\"@type\":\"ImageObject\",\"inLanguage\":\"en-US\",\"@id\":\"https:\/\/secure.gravatar.com\/avatar\/e323e6b9b7e9228f473a6bf0248544fb5734b5446609827abc7d3805b450f589?s=96&d=mm&r=g\",\"url\":\"https:\/\/secure.gravatar.com\/avatar\/e323e6b9b7e9228f473a6bf0248544fb5734b5446609827abc7d3805b450f589?s=96&d=mm&r=g\",\"contentUrl\":\"https:\/\/secure.gravatar.com\/avatar\/e323e6b9b7e9228f473a6bf0248544fb5734b5446609827abc7d3805b450f589?s=96&d=mm&r=g\",\"caption\":\"El Kaminante\"},\"description\":\"Viajes &amp; Turismo\"}]}<\/script>\n<!-- \/ Yoast SEO plugin. -->","yoast_head_json":{"title":"A la Tierra de los Incas: Una aventura inolvidable","robots":{"index":"index","follow":"follow","max-snippet":"max-snippet:-1","max-image-preview":"max-image-preview:large","max-video-preview":"max-video-preview:-1"},"canonical":"https:\/\/elkaminante.com.uy\/blog\/a-la-tierra-de-los-incas-una-aventura-inolvidable\/","og_locale":"en_US","og_type":"article","og_title":"A la Tierra de los Incas: Una aventura inolvidable","og_description":"Hola\u2026! Escribe Camila por ac\u00e1 \ud83d\udc4b\ud83c\udffbEn julio viajamos a la Tierra de los Incas, junto con un grupo de\u00a0valientes. Un viaje incre\u00edble que tuve la suerte de poder acompa\u00f1ar como coordinadora.Podr\u00eda hablarles de much\u00edsimas cosas, pero quiero compartir algunos destacados de este viaje y con el grupo que nos acompa\u00f1\u00f3.El GrupoViajar en grupo es una&hellip;","og_url":"https:\/\/elkaminante.com.uy\/blog\/a-la-tierra-de-los-incas-una-aventura-inolvidable\/","og_site_name":"El Kaminante","article_published_time":"2024-07-25T22:58:11+00:00","article_modified_time":"2025-04-17T13:46:35+00:00","og_image":[{"width":1175,"height":663,"url":"https:\/\/elkaminante.com.uy\/wp-content\/uploads\/2024\/07\/slider-blog-elkami-940-x-530-px.jpg","type":"image\/jpeg"}],"author":"El Kaminante","twitter_card":"summary_large_image","twitter_misc":{"Written by":"El Kaminante","Est. reading time":"3 minutes"},"schema":{"@context":"https:\/\/schema.org","@graph":[{"@type":"Article","@id":"https:\/\/elkaminante.com.uy\/blog\/a-la-tierra-de-los-incas-una-aventura-inolvidable\/#article","isPartOf":{"@id":"https:\/\/elkaminante.com.uy\/blog\/a-la-tierra-de-los-incas-una-aventura-inolvidable\/"},"author":{"name":"El Kaminante","@id":"https:\/\/elkaminante.com.uy\/#\/schema\/person\/3bef2e6076b30f7fb49c2ebfef68e158"},"headline":"A la Tierra de los Incas: Una aventura inolvidable","datePublished":"2024-07-25T22:58:11+00:00","dateModified":"2025-04-17T13:46:35+00:00","mainEntityOfPage":{"@id":"https:\/\/elkaminante.com.uy\/blog\/a-la-tierra-de-los-incas-una-aventura-inolvidable\/"},"wordCount":442,"publisher":{"@id":"https:\/\/elkaminante.com.uy\/#organization"},"image":{"@id":"https:\/\/elkaminante.com.uy\/blog\/a-la-tierra-de-los-incas-una-aventura-inolvidable\/#primaryimage"},"thumbnailUrl":"https:\/\/elkaminante.com.uy\/wp-content\/uploads\/2024\/07\/slider-blog-elkami-940-x-530-px.jpg","keywords":["Per\u00fa"],"articleSection":["La Tierra de los Incas","Paseos","Viajes"],"inLanguage":"en-US"},{"@type":"WebPage","@id":"https:\/\/elkaminante.com.uy\/blog\/a-la-tierra-de-los-incas-una-aventura-inolvidable\/","url":"https:\/\/elkaminante.com.uy\/blog\/a-la-tierra-de-los-incas-una-aventura-inolvidable\/","name":"A la Tierra de los Incas: Una aventura inolvidable","isPartOf":{"@id":"https:\/\/elkaminante.com.uy\/#website"},"primaryImageOfPage":{"@id":"https:\/\/elkaminante.com.uy\/blog\/a-la-tierra-de-los-incas-una-aventura-inolvidable\/#primaryimage"},"image":{"@id":"https:\/\/elkaminante.com.uy\/blog\/a-la-tierra-de-los-incas-una-aventura-inolvidable\/#primaryimage"},"thumbnailUrl":"https:\/\/elkaminante.com.uy\/wp-content\/uploads\/2024\/07\/slider-blog-elkami-940-x-530-px.jpg","datePublished":"2024-07-25T22:58:11+00:00","dateModified":"2025-04-17T13:46:35+00:00","breadcrumb":{"@id":"https:\/\/elkaminante.com.uy\/blog\/a-la-tierra-de-los-incas-una-aventura-inolvidable\/#breadcrumb"},"inLanguage":"en-US","potentialAction":[{"@type":"ReadAction","target":["https:\/\/elkaminante.com.uy\/blog\/a-la-tierra-de-los-incas-una-aventura-inolvidable\/"]}]},{"@type":"ImageObject","inLanguage":"en-US","@id":"https:\/\/elkaminante.com.uy\/blog\/a-la-tierra-de-los-incas-una-aventura-inolvidable\/#primaryimage","url":"https:\/\/elkaminante.com.uy\/wp-content\/uploads\/2024\/07\/slider-blog-elkami-940-x-530-px.jpg","contentUrl":"https:\/\/elkaminante.com.uy\/wp-content\/uploads\/2024\/07\/slider-blog-elkami-940-x-530-px.jpg","width":1175,"height":663},{"@type":"BreadcrumbList","@id":"https:\/\/elkaminante.com.uy\/blog\/a-la-tierra-de-los-incas-una-aventura-inolvidable\/#breadcrumb","itemListElement":[{"@type":"ListItem","position":1,"name":"Inicio","item":"https:\/\/elkaminante.com.uy\/en\/"},{"@type":"ListItem","position":2,"name":"A la Tierra de los Incas: Una aventura inolvidable"}]},{"@type":"WebSite","@id":"https:\/\/elkaminante.com.uy\/#website","url":"https:\/\/elkaminante.com.uy\/","name":"El Kaminante","description":"Viajes &amp; Turismo","publisher":{"@id":"https:\/\/elkaminante.com.uy\/#organization"},"potentialAction":[{"@type":"SearchAction","target":{"@type":"EntryPoint","urlTemplate":"https:\/\/elkaminante.com.uy\/?s={search_term_string}"},"query-input":{"@type":"PropertyValueSpecification","valueRequired":true,"valueName":"search_term_string"}}],"inLanguage":"en-US"},{"@type":"Organization","@id":"https:\/\/elkaminante.com.uy\/#organization","name":"El Kaminante","url":"https:\/\/elkaminante.com.uy\/","logo":{"@type":"ImageObject","inLanguage":"en-US","@id":"https:\/\/elkaminante.com.uy\/#\/schema\/logo\/image\/","url":"https:\/\/elkaminante.com.uy\/wp-content\/uploads\/2025\/02\/logo-elkaminante-blanco.svg","contentUrl":"https:\/\/elkaminante.com.uy\/wp-content\/uploads\/2025\/02\/logo-elkaminante-blanco.svg","caption":"El Kaminante"},"image":{"@id":"https:\/\/elkaminante.com.uy\/#\/schema\/logo\/image\/"}},{"@type":"Person","@id":"https:\/\/elkaminante.com.uy\/#\/schema\/person\/3bef2e6076b30f7fb49c2ebfef68e158","name":"El Kaminante","image":{"@type":"ImageObject","inLanguage":"en-US","@id":"https:\/\/secure.gravatar.com\/avatar\/e323e6b9b7e9228f473a6bf0248544fb5734b5446609827abc7d3805b450f589?s=96&d=mm&r=g","url":"https:\/\/secure.gravatar.com\/avatar\/e323e6b9b7e9228f473a6bf0248544fb5734b5446609827abc7d3805b450f589?s=96&d=mm&r=g","contentUrl":"https:\/\/secure.gravatar.com\/avatar\/e323e6b9b7e9228f473a6bf0248544fb5734b5446609827abc7d3805b450f589?s=96&d=mm&r=g","caption":"El Kaminante"},"description":"Viajes &amp; Turismo"}]}},"_links":{"self":[{"href":"https:\/\/elkaminante.com.uy\/en\/wp-json\/wp\/v2\/posts\/8467","targetHints":{"allow":["GET"]}}],"collection":[{"href":"https:\/\/elkaminante.com.uy\/en\/wp-json\/wp\/v2\/posts"}],"about":[{"href":"https:\/\/elkaminante.com.uy\/en\/wp-json\/wp\/v2\/types\/post"}],"author":[{"embeddable":true,"href":"https:\/\/elkaminante.com.uy\/en\/wp-json\/wp\/v2\/users\/2"}],"replies":[{"embeddable":true,"href":"https:\/\/elkaminante.com.uy\/en\/wp-json\/wp\/v2\/comments?post=8467"}],"version-history":[{"count":0,"href":"https:\/\/elkaminante.com.uy\/en\/wp-json\/wp\/v2\/posts\/8467\/revisions"}],"wp:featuredmedia":[{"embeddable":true,"href":"https:\/\/elkaminante.com.uy\/en\/wp-json\/wp\/v2\/media\/8470"}],"wp:attachment":[{"href":"https:\/\/elkaminante.com.uy\/en\/wp-json\/wp\/v2\/media?parent=8467"}],"wp:term":[{"taxonomy":"category","embeddable":true,"href":"https:\/\/elkaminante.com.uy\/en\/wp-json\/wp\/v2\/categories?post=8467"},{"taxonomy":"post_tag","embeddable":true,"href":"https:\/\/elkaminante.com.uy\/en\/wp-json\/wp\/v2\/tags?post=8467"}],"curies":[{"name":"wp","href":"https:\/\/api.w.org\/{rel}","templated":true}]}}