{"id":839,"date":"2014-03-22T16:02:39","date_gmt":"2014-03-22T19:02:39","guid":{"rendered":"http:\/\/www.elkaminante.com.uy\/?p=839"},"modified":"2014-03-22T16:02:39","modified_gmt":"2014-03-22T19:02:39","slug":"viaja-desafio-rio-pinto","status":"publish","type":"post","link":"https:\/\/elkaminante.com.uy\/en\/blog\/viaja-desafio-rio-pinto\/","title":{"rendered":"Viaje Desaf\u00edo R\u00cdO PINTO"},"content":{"rendered":"\n<figure class=\"wp-block-image\"><img loading=\"lazy\" decoding=\"async\" width=\"620\" height=\"308\" src=\"https:\/\/elkaminante.com.uy\/wp-content\/uploads\/2019\/06\/Rio-Pinto-2014-copia.jpg\" alt=\"\" class=\"wp-image-5934\" srcset=\"https:\/\/elkaminante.com.uy\/wp-content\/uploads\/2019\/06\/Rio-Pinto-2014-copia.jpg 620w, https:\/\/elkaminante.com.uy\/wp-content\/uploads\/2019\/06\/Rio-Pinto-2014-copia-300x149.jpg 300w, https:\/\/elkaminante.com.uy\/wp-content\/uploads\/2019\/06\/Rio-Pinto-2014-copia-600x298.jpg 600w\" sizes=\"auto, (max-width: 620px) 100vw, 620px\" \/><\/figure>\n\n\n<p align=\"center\"><span style=\"color: #ff0000;\"><b>DESAF\u00cdO RIO PINTO 2014<\/b><\/span><\/p>\n<p align=\"center\"><b>\u00a0<\/b><\/p>\n<p align=\"center\"><span style=\"color: #000080;\"><b><i>Nos vamos a C\u00f3rdoba a disfrutar de un fin de semana largo y<\/i><\/b><\/span><\/p>\n<p align=\"center\"><span style=\"color: #000080;\"><b><i>A acompa\u00f1ar a muchos ciclistas uruguayos <\/i><\/b><\/span><b><\/b><\/p>\n<p>\u00a0<\/p>\n<p><b>D\u00edas 1 y 2.<\/b> Salida de Montevideo <strong>mi\u00e9rcoles 30 de Abril<\/strong>,<strong>\u00a0<\/strong>hora 20:00, rumbo a la frontera Fray Bentos-Gualeguaychu (Puente Gral. San Mart\u00edn). Continuamos hacia Victoria-Rosario transitando por el complejo de puentes sobre el delta del r\u00edo Paran\u00e1. Seguimos por la Ruta 9 hacia la ciudad de C\u00f3rdoba y llegamos a<b> La Falda <\/b>al mediod\u00eda del jueves 1\u00b0 de Mayo. Nos alojamos, tiempo libre para almorzar. <b>En la tarde paseo por los alrededores<\/b>.<\/p>\n<p><b style=\"line-height: 1.5em;\">D\u00eda 3.<\/b><span style=\"line-height: 1.5em;\"> Viernes 2 de mayo. Salida hacia la ciudad de <\/span><b style=\"line-height: 1.5em;\">C\u00f3rdoba, paseo de d\u00eda entero<\/b><span style=\"line-height: 1.5em;\">. Retornamos en la tarde a <\/span><b style=\"line-height: 1.5em;\">La Falda<\/b><span style=\"line-height: 1.5em;\">.<\/span><\/p>\n<p><b>D\u00eda 4.<\/b> S\u00e1bado 3 de mayo. <b>Recorremos el Camino de las Altas Cumbres, visitando Villa Carlos Paz<\/b> y seguimos por las sierras, nos detenemos en el parador de Roballo, persona que con su obra de recuperaci\u00f3n de los c\u00f3ndores en cautiverio logr\u00f3 poblar la Quebrada del Condorito. Seguimos hasta <b>Mina Clavero disfrutando de la vista de estas serran\u00edas cordobesas.<\/b><\/p>\n<p><b style=\"line-height: 1.5em;\">D\u00edas 5 y 6.<\/b><span style=\"line-height: 1.5em;\"> Domingo 4 de mayo. Nos vamos a <\/span><b style=\"line-height: 1.5em;\">Rio Pinto a acompa\u00f1ar a los ciclistas<\/b>, luego\u00a0<span style=\"line-height: 1.5em;\">partimos hacia Montevideo en horas de la tarde para llegar en la madrugada del lunes 5 de mayo.<\/span><\/p>\n<p><b>Precio por Persona en base doble o Triple:<\/b> U$$ 450.<\/p>\n<p>Incluye:<\/p>\n<p>Viaje en BUS Semi Cama.<\/p>\n<p>3 noches de alojamiento con Media pensi\u00f3n<\/p>\n<p>Paseo de d\u00eda entero Villa Carlos Paz, Altas Cumbres y Mina Clavero<\/p>\n<p>Paseo de d\u00eda entero C\u00f3rdoba<\/p>\n<p>Traslado R\u00edo Pinto<\/p>\n<p>Servicio a bordo (Agua, Refrescos, Snack)<\/p>\n<p><b>Precio especial para ciclistas que no realizan paseos:<\/b> U$$ 330<\/p>\n<p>\u00a0<\/p>","protected":false},"excerpt":{"rendered":"<p>DESAF\u00cdO RIO PINTO 2014 \u00a0 Nos vamos a C\u00f3rdoba a disfrutar de un fin de semana largo y A acompa\u00f1ar a muchos ciclistas uruguayos \u00a0 D\u00edas 1 y 2. Salida de Montevideo mi\u00e9rcoles 30 de Abril,\u00a0hora 20:00, rumbo a la frontera Fray Bentos-Gualeguaychu (Puente Gral. San Mart\u00edn). Continuamos hacia Victoria-Rosario transitando por el complejo de&hellip;<\/p>\n","protected":false},"author":2,"featured_media":5928,"comment_status":"closed","ping_status":"closed","sticky":false,"template":"","format":"standard","meta":{"_acf_changed":false,"inline_featured_image":false,"footnotes":""},"categories":[38],"tags":[],"class_list":["post-839","post","type-post","status-publish","format-standard","has-post-thumbnail","hentry","category-novedades","entry","has-media"],"acf":[],"yoast_head":"<!-- This site is optimized with the Yoast SEO plugin v27.2 - https:\/\/yoast.com\/product\/yoast-seo-wordpress\/ -->\n<title>Viaje Desaf\u00edo R\u00cdO PINTO<\/title>\n<meta name=\"robots\" content=\"index, follow, max-snippet:-1, max-image-preview:large, max-video-preview:-1\" \/>\n<link rel=\"canonical\" href=\"https:\/\/elkaminante.com.uy\/blog\/viaja-desafio-rio-pinto\/\" \/>\n<meta property=\"og:locale\" content=\"en_US\" \/>\n<meta property=\"og:type\" content=\"article\" \/>\n<meta property=\"og:title\" content=\"Viaje Desaf\u00edo R\u00cdO PINTO\" \/>\n<meta property=\"og:description\" content=\"DESAF\u00cdO RIO PINTO 2014 \u00a0 Nos vamos a C\u00f3rdoba a disfrutar de un fin de semana largo y A acompa\u00f1ar a muchos ciclistas uruguayos \u00a0 D\u00edas 1 y 2. Salida de Montevideo mi\u00e9rcoles 30 de Abril,\u00a0hora 20:00, rumbo a la frontera Fray Bentos-Gualeguaychu (Puente Gral. San Mart\u00edn). Continuamos hacia Victoria-Rosario transitando por el complejo de&hellip;\" \/>\n<meta property=\"og:url\" content=\"https:\/\/elkaminante.com.uy\/blog\/viaja-desafio-rio-pinto\/\" \/>\n<meta property=\"og:site_name\" content=\"El Kaminante\" \/>\n<meta property=\"article:published_time\" content=\"2014-03-22T19:02:39+00:00\" \/>\n<meta property=\"og:image\" content=\"https:\/\/elkaminante.com.uy\/wp-content\/uploads\/2019\/06\/Rio-Pinto-banner-2014-copia1-1600x362-1.jpg\" \/>\n\t<meta property=\"og:image:width\" content=\"1600\" \/>\n\t<meta property=\"og:image:height\" content=\"362\" \/>\n\t<meta property=\"og:image:type\" content=\"image\/jpeg\" \/>\n<meta name=\"author\" content=\"El Kaminante\" \/>\n<meta name=\"twitter:card\" content=\"summary_large_image\" \/>\n<meta name=\"twitter:label1\" content=\"Written by\" \/>\n\t<meta name=\"twitter:data1\" content=\"El Kaminante\" \/>\n\t<meta name=\"twitter:label2\" content=\"Est. reading time\" \/>\n\t<meta name=\"twitter:data2\" content=\"1 minute\" \/>\n<script type=\"application\/ld+json\" class=\"yoast-schema-graph\">{\"@context\":\"https:\/\/schema.org\",\"@graph\":[{\"@type\":\"Article\",\"@id\":\"https:\/\/elkaminante.com.uy\/blog\/viaja-desafio-rio-pinto\/#article\",\"isPartOf\":{\"@id\":\"https:\/\/elkaminante.com.uy\/blog\/viaja-desafio-rio-pinto\/\"},\"author\":{\"name\":\"El Kaminante\",\"@id\":\"https:\/\/elkaminante.com.uy\/#\/schema\/person\/3bef2e6076b30f7fb49c2ebfef68e158\"},\"headline\":\"Viaje Desaf\u00edo R\u00cdO PINTO\",\"datePublished\":\"2014-03-22T19:02:39+00:00\",\"mainEntityOfPage\":{\"@id\":\"https:\/\/elkaminante.com.uy\/blog\/viaja-desafio-rio-pinto\/\"},\"wordCount\":286,\"publisher\":{\"@id\":\"https:\/\/elkaminante.com.uy\/#organization\"},\"image\":{\"@id\":\"https:\/\/elkaminante.com.uy\/blog\/viaja-desafio-rio-pinto\/#primaryimage\"},\"thumbnailUrl\":\"https:\/\/elkaminante.com.uy\/wp-content\/uploads\/2019\/06\/Rio-Pinto-banner-2014-copia1-1600x362-1.jpg\",\"articleSection\":[\"Novedades\"],\"inLanguage\":\"en-US\"},{\"@type\":\"WebPage\",\"@id\":\"https:\/\/elkaminante.com.uy\/blog\/viaja-desafio-rio-pinto\/\",\"url\":\"https:\/\/elkaminante.com.uy\/blog\/viaja-desafio-rio-pinto\/\",\"name\":\"Viaje Desaf\u00edo R\u00cdO PINTO\",\"isPartOf\":{\"@id\":\"https:\/\/elkaminante.com.uy\/#website\"},\"primaryImageOfPage\":{\"@id\":\"https:\/\/elkaminante.com.uy\/blog\/viaja-desafio-rio-pinto\/#primaryimage\"},\"image\":{\"@id\":\"https:\/\/elkaminante.com.uy\/blog\/viaja-desafio-rio-pinto\/#primaryimage\"},\"thumbnailUrl\":\"https:\/\/elkaminante.com.uy\/wp-content\/uploads\/2019\/06\/Rio-Pinto-banner-2014-copia1-1600x362-1.jpg\",\"datePublished\":\"2014-03-22T19:02:39+00:00\",\"breadcrumb\":{\"@id\":\"https:\/\/elkaminante.com.uy\/blog\/viaja-desafio-rio-pinto\/#breadcrumb\"},\"inLanguage\":\"en-US\",\"potentialAction\":[{\"@type\":\"ReadAction\",\"target\":[\"https:\/\/elkaminante.com.uy\/blog\/viaja-desafio-rio-pinto\/\"]}]},{\"@type\":\"ImageObject\",\"inLanguage\":\"en-US\",\"@id\":\"https:\/\/elkaminante.com.uy\/blog\/viaja-desafio-rio-pinto\/#primaryimage\",\"url\":\"https:\/\/elkaminante.com.uy\/wp-content\/uploads\/2019\/06\/Rio-Pinto-banner-2014-copia1-1600x362-1.jpg\",\"contentUrl\":\"https:\/\/elkaminante.com.uy\/wp-content\/uploads\/2019\/06\/Rio-Pinto-banner-2014-copia1-1600x362-1.jpg\",\"width\":1600,\"height\":362},{\"@type\":\"BreadcrumbList\",\"@id\":\"https:\/\/elkaminante.com.uy\/blog\/viaja-desafio-rio-pinto\/#breadcrumb\",\"itemListElement\":[{\"@type\":\"ListItem\",\"position\":1,\"name\":\"Inicio\",\"item\":\"https:\/\/elkaminante.com.uy\/en\/\"},{\"@type\":\"ListItem\",\"position\":2,\"name\":\"Viaje Desaf\u00edo R\u00cdO PINTO\"}]},{\"@type\":\"WebSite\",\"@id\":\"https:\/\/elkaminante.com.uy\/#website\",\"url\":\"https:\/\/elkaminante.com.uy\/\",\"name\":\"El Kaminante\",\"description\":\"Viajes &amp; Turismo\",\"publisher\":{\"@id\":\"https:\/\/elkaminante.com.uy\/#organization\"},\"potentialAction\":[{\"@type\":\"SearchAction\",\"target\":{\"@type\":\"EntryPoint\",\"urlTemplate\":\"https:\/\/elkaminante.com.uy\/?s={search_term_string}\"},\"query-input\":{\"@type\":\"PropertyValueSpecification\",\"valueRequired\":true,\"valueName\":\"search_term_string\"}}],\"inLanguage\":\"en-US\"},{\"@type\":\"Organization\",\"@id\":\"https:\/\/elkaminante.com.uy\/#organization\",\"name\":\"El Kaminante\",\"url\":\"https:\/\/elkaminante.com.uy\/\",\"logo\":{\"@type\":\"ImageObject\",\"inLanguage\":\"en-US\",\"@id\":\"https:\/\/elkaminante.com.uy\/#\/schema\/logo\/image\/\",\"url\":\"https:\/\/elkaminante.com.uy\/wp-content\/uploads\/2025\/02\/logo-elkaminante-blanco.svg\",\"contentUrl\":\"https:\/\/elkaminante.com.uy\/wp-content\/uploads\/2025\/02\/logo-elkaminante-blanco.svg\",\"caption\":\"El Kaminante\"},\"image\":{\"@id\":\"https:\/\/elkaminante.com.uy\/#\/schema\/logo\/image\/\"}},{\"@type\":\"Person\",\"@id\":\"https:\/\/elkaminante.com.uy\/#\/schema\/person\/3bef2e6076b30f7fb49c2ebfef68e158\",\"name\":\"El Kaminante\",\"image\":{\"@type\":\"ImageObject\",\"inLanguage\":\"en-US\",\"@id\":\"https:\/\/secure.gravatar.com\/avatar\/e323e6b9b7e9228f473a6bf0248544fb5734b5446609827abc7d3805b450f589?s=96&d=mm&r=g\",\"url\":\"https:\/\/secure.gravatar.com\/avatar\/e323e6b9b7e9228f473a6bf0248544fb5734b5446609827abc7d3805b450f589?s=96&d=mm&r=g\",\"contentUrl\":\"https:\/\/secure.gravatar.com\/avatar\/e323e6b9b7e9228f473a6bf0248544fb5734b5446609827abc7d3805b450f589?s=96&d=mm&r=g\",\"caption\":\"El Kaminante\"},\"description\":\"Viajes &amp; Turismo\"}]}<\/script>\n<!-- \/ Yoast SEO plugin. -->","yoast_head_json":{"title":"Viaje Desaf\u00edo R\u00cdO PINTO","robots":{"index":"index","follow":"follow","max-snippet":"max-snippet:-1","max-image-preview":"max-image-preview:large","max-video-preview":"max-video-preview:-1"},"canonical":"https:\/\/elkaminante.com.uy\/blog\/viaja-desafio-rio-pinto\/","og_locale":"en_US","og_type":"article","og_title":"Viaje Desaf\u00edo R\u00cdO PINTO","og_description":"DESAF\u00cdO RIO PINTO 2014 \u00a0 Nos vamos a C\u00f3rdoba a disfrutar de un fin de semana largo y A acompa\u00f1ar a muchos ciclistas uruguayos \u00a0 D\u00edas 1 y 2. Salida de Montevideo mi\u00e9rcoles 30 de Abril,\u00a0hora 20:00, rumbo a la frontera Fray Bentos-Gualeguaychu (Puente Gral. San Mart\u00edn). Continuamos hacia Victoria-Rosario transitando por el complejo de&hellip;","og_url":"https:\/\/elkaminante.com.uy\/blog\/viaja-desafio-rio-pinto\/","og_site_name":"El Kaminante","article_published_time":"2014-03-22T19:02:39+00:00","og_image":[{"width":1600,"height":362,"url":"https:\/\/elkaminante.com.uy\/wp-content\/uploads\/2019\/06\/Rio-Pinto-banner-2014-copia1-1600x362-1.jpg","type":"image\/jpeg"}],"author":"El Kaminante","twitter_card":"summary_large_image","twitter_misc":{"Written by":"El Kaminante","Est. reading time":"1 minute"},"schema":{"@context":"https:\/\/schema.org","@graph":[{"@type":"Article","@id":"https:\/\/elkaminante.com.uy\/blog\/viaja-desafio-rio-pinto\/#article","isPartOf":{"@id":"https:\/\/elkaminante.com.uy\/blog\/viaja-desafio-rio-pinto\/"},"author":{"name":"El Kaminante","@id":"https:\/\/elkaminante.com.uy\/#\/schema\/person\/3bef2e6076b30f7fb49c2ebfef68e158"},"headline":"Viaje Desaf\u00edo R\u00cdO PINTO","datePublished":"2014-03-22T19:02:39+00:00","mainEntityOfPage":{"@id":"https:\/\/elkaminante.com.uy\/blog\/viaja-desafio-rio-pinto\/"},"wordCount":286,"publisher":{"@id":"https:\/\/elkaminante.com.uy\/#organization"},"image":{"@id":"https:\/\/elkaminante.com.uy\/blog\/viaja-desafio-rio-pinto\/#primaryimage"},"thumbnailUrl":"https:\/\/elkaminante.com.uy\/wp-content\/uploads\/2019\/06\/Rio-Pinto-banner-2014-copia1-1600x362-1.jpg","articleSection":["Novedades"],"inLanguage":"en-US"},{"@type":"WebPage","@id":"https:\/\/elkaminante.com.uy\/blog\/viaja-desafio-rio-pinto\/","url":"https:\/\/elkaminante.com.uy\/blog\/viaja-desafio-rio-pinto\/","name":"Viaje Desaf\u00edo R\u00cdO PINTO","isPartOf":{"@id":"https:\/\/elkaminante.com.uy\/#website"},"primaryImageOfPage":{"@id":"https:\/\/elkaminante.com.uy\/blog\/viaja-desafio-rio-pinto\/#primaryimage"},"image":{"@id":"https:\/\/elkaminante.com.uy\/blog\/viaja-desafio-rio-pinto\/#primaryimage"},"thumbnailUrl":"https:\/\/elkaminante.com.uy\/wp-content\/uploads\/2019\/06\/Rio-Pinto-banner-2014-copia1-1600x362-1.jpg","datePublished":"2014-03-22T19:02:39+00:00","breadcrumb":{"@id":"https:\/\/elkaminante.com.uy\/blog\/viaja-desafio-rio-pinto\/#breadcrumb"},"inLanguage":"en-US","potentialAction":[{"@type":"ReadAction","target":["https:\/\/elkaminante.com.uy\/blog\/viaja-desafio-rio-pinto\/"]}]},{"@type":"ImageObject","inLanguage":"en-US","@id":"https:\/\/elkaminante.com.uy\/blog\/viaja-desafio-rio-pinto\/#primaryimage","url":"https:\/\/elkaminante.com.uy\/wp-content\/uploads\/2019\/06\/Rio-Pinto-banner-2014-copia1-1600x362-1.jpg","contentUrl":"https:\/\/elkaminante.com.uy\/wp-content\/uploads\/2019\/06\/Rio-Pinto-banner-2014-copia1-1600x362-1.jpg","width":1600,"height":362},{"@type":"BreadcrumbList","@id":"https:\/\/elkaminante.com.uy\/blog\/viaja-desafio-rio-pinto\/#breadcrumb","itemListElement":[{"@type":"ListItem","position":1,"name":"Inicio","item":"https:\/\/elkaminante.com.uy\/en\/"},{"@type":"ListItem","position":2,"name":"Viaje Desaf\u00edo R\u00cdO PINTO"}]},{"@type":"WebSite","@id":"https:\/\/elkaminante.com.uy\/#website","url":"https:\/\/elkaminante.com.uy\/","name":"El Kaminante","description":"Viajes &amp; Turismo","publisher":{"@id":"https:\/\/elkaminante.com.uy\/#organization"},"potentialAction":[{"@type":"SearchAction","target":{"@type":"EntryPoint","urlTemplate":"https:\/\/elkaminante.com.uy\/?s={search_term_string}"},"query-input":{"@type":"PropertyValueSpecification","valueRequired":true,"valueName":"search_term_string"}}],"inLanguage":"en-US"},{"@type":"Organization","@id":"https:\/\/elkaminante.com.uy\/#organization","name":"El Kaminante","url":"https:\/\/elkaminante.com.uy\/","logo":{"@type":"ImageObject","inLanguage":"en-US","@id":"https:\/\/elkaminante.com.uy\/#\/schema\/logo\/image\/","url":"https:\/\/elkaminante.com.uy\/wp-content\/uploads\/2025\/02\/logo-elkaminante-blanco.svg","contentUrl":"https:\/\/elkaminante.com.uy\/wp-content\/uploads\/2025\/02\/logo-elkaminante-blanco.svg","caption":"El Kaminante"},"image":{"@id":"https:\/\/elkaminante.com.uy\/#\/schema\/logo\/image\/"}},{"@type":"Person","@id":"https:\/\/elkaminante.com.uy\/#\/schema\/person\/3bef2e6076b30f7fb49c2ebfef68e158","name":"El Kaminante","image":{"@type":"ImageObject","inLanguage":"en-US","@id":"https:\/\/secure.gravatar.com\/avatar\/e323e6b9b7e9228f473a6bf0248544fb5734b5446609827abc7d3805b450f589?s=96&d=mm&r=g","url":"https:\/\/secure.gravatar.com\/avatar\/e323e6b9b7e9228f473a6bf0248544fb5734b5446609827abc7d3805b450f589?s=96&d=mm&r=g","contentUrl":"https:\/\/secure.gravatar.com\/avatar\/e323e6b9b7e9228f473a6bf0248544fb5734b5446609827abc7d3805b450f589?s=96&d=mm&r=g","caption":"El Kaminante"},"description":"Viajes &amp; Turismo"}]}},"_links":{"self":[{"href":"https:\/\/elkaminante.com.uy\/en\/wp-json\/wp\/v2\/posts\/839","targetHints":{"allow":["GET"]}}],"collection":[{"href":"https:\/\/elkaminante.com.uy\/en\/wp-json\/wp\/v2\/posts"}],"about":[{"href":"https:\/\/elkaminante.com.uy\/en\/wp-json\/wp\/v2\/types\/post"}],"author":[{"embeddable":true,"href":"https:\/\/elkaminante.com.uy\/en\/wp-json\/wp\/v2\/users\/2"}],"replies":[{"embeddable":true,"href":"https:\/\/elkaminante.com.uy\/en\/wp-json\/wp\/v2\/comments?post=839"}],"version-history":[{"count":0,"href":"https:\/\/elkaminante.com.uy\/en\/wp-json\/wp\/v2\/posts\/839\/revisions"}],"wp:featuredmedia":[{"embeddable":true,"href":"https:\/\/elkaminante.com.uy\/en\/wp-json\/wp\/v2\/media\/5928"}],"wp:attachment":[{"href":"https:\/\/elkaminante.com.uy\/en\/wp-json\/wp\/v2\/media?parent=839"}],"wp:term":[{"taxonomy":"category","embeddable":true,"href":"https:\/\/elkaminante.com.uy\/en\/wp-json\/wp\/v2\/categories?post=839"},{"taxonomy":"post_tag","embeddable":true,"href":"https:\/\/elkaminante.com.uy\/en\/wp-json\/wp\/v2\/tags?post=839"}],"curies":[{"name":"wp","href":"https:\/\/api.w.org\/{rel}","templated":true}]}}