{"id":8330,"date":"2023-03-26T20:22:26","date_gmt":"2023-03-26T23:22:26","guid":{"rendered":"https:\/\/elkaminante.com.uy\/?p=8330"},"modified":"2025-04-10T16:38:11","modified_gmt":"2025-04-10T19:38:11","slug":"visita-a-las-quebradas-del-norte","status":"publish","type":"post","link":"https:\/\/elkaminante.com.uy\/en\/blog\/visita-a-las-quebradas-del-norte\/","title":{"rendered":"Visita a las Quebradas del Norte"},"content":{"rendered":"\n<p>La excursi\u00f3n a las Quebradas del Norte comenz\u00f3 en la madrugada para poder aprovechar al m\u00e1ximo el d\u00eda. Ya habiendo amanecido hicimos una peque\u00f1a parada en Carlos Reiles, para apreciar las grutas que ese pueblo alberga.<\/p>\n\n\n\n<p>Mas entrados en la ruta 5 paramos para observar el famoso cerro Batov\u00ed, el cual destaca por su caracter\u00edstica forma.<\/p>\n\n\n\n<p>Al llegar a Tacuaremb\u00f3 se sumaron al viaje Alicia y Clara Fros, que nos esperaban con caf\u00e9 caliente y algunas cositas caseras para el desayuno. Ellas, adem\u00e1s de agasajarnos con la comida, nos fueron contando los detalles de la zona que tanto conocen y ama.<\/p>\n\n\n\n<p>Ya en ruta 30, departamento de Rivera, luego de pasar Tranqueras, comenzamos a disfrutar del valle del Lunarejo. Sus cerros estaban con mucha niebla y eso le daba una imagen estupenda t\u00edpica de quebradas subtropical. Luego de ascender por el famoso repecho de Pena y en plena meseta llegamos a un pueblo que se divide en la frontera: Masoller del lado de Uruguay y Villa Albornoz del lado de Brasil &#8211; por lo que fue un viaje internacional!<\/p>\n\n\n\n<p>Andando por caminos vecinales, llegamos al comienzo de nuestro primer objetivo: la caminata sobre el arroyo Laureles. Por suerte en la tarde del d\u00eda anterior hab\u00edan llovido 90 ml, suficiente para que tuvi\u00e9ramos una excelente jornada de mucho calor pero gran disfrute del caudal de agua sobre la Cascada el Indio y Cascada Grande.<\/p>\n\n\n\n<p>Acompa\u00f1ados por Dario Fros en la caminata, siempre entregando todo lo que sabe y lo que ha adquirido en la experiencia de tantos a\u00f1os acompa\u00f1ando grupos de turistas, cient\u00edficos y estudiantes de diversas entidades de estudios.<\/p>\n\n\n\n<p>Despu\u00e9s de las caminatas y habiendo aprovechado para refrescarnos con un delicioso ba\u00f1o en la Cascada del Indio, continuamos nuestro camino recorriendo 25 kms sobre la Cuchilla de Laureles. En el recorrido divisamos la cuenca del Arroyo Ca\u00f1a y el Arroyo Laureles, ofreci\u00e9ndonos unas impresionantes vistas que caracter\u00edsticas de ese territorio. Paisajes a los que no estamos acostumbrados quienes vivimos al sur del R\u00edo Negro.<\/p>\n\n\n\n<figure class=\"wp-block-gallery has-nested-images columns-default is-cropped wp-block-gallery-1 is-layout-flex wp-block-gallery-is-layout-flex\">\n<figure class=\"wp-block-image size-large\"><a href=\"https:\/\/elkaminante.com.uy\/wp-content\/uploads\/2023\/03\/2-2.jpeg\"><img loading=\"lazy\" decoding=\"async\" width=\"768\" height=\"1024\" data-id=\"8337\" src=\"https:\/\/elkaminante.com.uy\/wp-content\/uploads\/2023\/03\/2-2.jpeg\" alt=\"\" class=\"wp-image-8337\" srcset=\"https:\/\/elkaminante.com.uy\/wp-content\/uploads\/2023\/03\/2-2.jpeg 768w, https:\/\/elkaminante.com.uy\/wp-content\/uploads\/2023\/03\/2-2-225x300.jpeg 225w, https:\/\/elkaminante.com.uy\/wp-content\/uploads\/2023\/03\/2-2-600x800.jpeg 600w\" sizes=\"auto, (max-width: 768px) 100vw, 768px\" \/><\/a><\/figure>\n\n\n\n<figure class=\"wp-block-image size-large\"><a href=\"https:\/\/elkaminante.com.uy\/wp-content\/uploads\/2023\/03\/3-2.jpeg\"><img loading=\"lazy\" decoding=\"async\" width=\"768\" height=\"1024\" data-id=\"8339\" src=\"https:\/\/elkaminante.com.uy\/wp-content\/uploads\/2023\/03\/3-2.jpeg\" alt=\"\" class=\"wp-image-8339\" srcset=\"https:\/\/elkaminante.com.uy\/wp-content\/uploads\/2023\/03\/3-2.jpeg 768w, https:\/\/elkaminante.com.uy\/wp-content\/uploads\/2023\/03\/3-2-225x300.jpeg 225w, https:\/\/elkaminante.com.uy\/wp-content\/uploads\/2023\/03\/3-2-600x800.jpeg 600w\" sizes=\"auto, (max-width: 768px) 100vw, 768px\" \/><\/a><\/figure>\n\n\n\n<figure class=\"wp-block-image size-large\"><a href=\"https:\/\/elkaminante.com.uy\/wp-content\/uploads\/2023\/03\/va.jpeg\"><img loading=\"lazy\" decoding=\"async\" width=\"768\" height=\"1024\" data-id=\"8338\" src=\"https:\/\/elkaminante.com.uy\/wp-content\/uploads\/2023\/03\/va.jpeg\" alt=\"\" class=\"wp-image-8338\" srcset=\"https:\/\/elkaminante.com.uy\/wp-content\/uploads\/2023\/03\/va.jpeg 768w, https:\/\/elkaminante.com.uy\/wp-content\/uploads\/2023\/03\/va-225x300.jpeg 225w, https:\/\/elkaminante.com.uy\/wp-content\/uploads\/2023\/03\/va-600x800.jpeg 600w\" sizes=\"auto, (max-width: 768px) 100vw, 768px\" \/><\/a><\/figure>\n<\/figure>\n\n\n\n<p>Llegamos al establecimiento Bichadero de la familia Fros donde nos esperaba su anfitriona, Serrana ,esposa de Dario y madre de las j\u00f3venes Alicia y Clara. El almuerzo fue un deleite de comidas caseras. Luego, un descanso reparador en las instalaciones de la posada que hacen que uno se sienta como en casa.<\/p>\n\n\n\n<p>Para finalizar la noche con llave de oro vino la cena y para nuestro delite se despej\u00f3 el cielo. Camila con su conocimiento astron\u00f3mico nos ayud\u00f3 y disfrutamos de un espect\u00e1culo \u00fanico.<\/p>\n\n\n\n<p>Cado uno en su cama y hasta que no canto el gallo \ud83d\udc13 todos dormimos pl\u00e1cidamente.<\/p>\n\n\n\n<p>El domingo amaneci\u00f3 despejado. Al estar en lo m\u00e1s alto de la cuchilla y rodeado que quebradas la niebla que sub\u00eda nos hacia sentir que est\u00e1bamos en una isla.<\/p>\n\n\n\n<p>Luego del desayuno, nos alistamos para bajar al Ca\u00f1oncito y a la Quebrada de los Helechos. Realmente un difute total del paisaje del entorno, bajando al Ca\u00f1oncito entre aromas diversas y el fresco del monte. No pod\u00edamos creer que estuvi\u00e9ramos en Uruguay.<\/p>\n\n\n\n<p>Un breve descanso para recuperar y apreciar la tranquilidad y belleza que nos da la naturaleza. Por un sendero de frondosos helechos llegamos a la Cascada de la Curva. Donde habitan una familia de murci\u00e9lagos \ud83e\udd87.<\/p>\n\n\n\n<p>Quedamos impresionados por el tama\u00f1o de los Gabiy\u00fa y por la dulzura de sus frutos.<\/p>\n\n\n\n<p>Finalmente, comenzamos a ascender para salir del monte. Al llegar nuevamente a la casa nos estaban esperando para el almuerzo.<\/p>\n\n\n\n<p>Despu\u00e9s de un ratito de descanso, ya habi\u00e9ndonos refrescado y alimentado, nos despedimos agradecidos de la gentil familia Fros y de las bellas tierras del Norte, para emprender el regreso.<\/p>\n\n\n\n<p>Si bien disfrutamos much\u00edsimo quedaron, como siempre, ganas de m\u00e1s!<\/p>\n\n\n\n<figure class=\"wp-block-gallery has-nested-images columns-default is-cropped wp-block-gallery-2 is-layout-flex wp-block-gallery-is-layout-flex\">\n<figure class=\"wp-block-image size-large\"><a href=\"https:\/\/elkaminante.com.uy\/wp-content\/uploads\/2023\/03\/5.jpeg\"><img loading=\"lazy\" decoding=\"async\" width=\"768\" height=\"1024\" data-id=\"8342\" src=\"https:\/\/elkaminante.com.uy\/wp-content\/uploads\/2023\/03\/5.jpeg\" alt=\"\" class=\"wp-image-8342\" srcset=\"https:\/\/elkaminante.com.uy\/wp-content\/uploads\/2023\/03\/5.jpeg 768w, https:\/\/elkaminante.com.uy\/wp-content\/uploads\/2023\/03\/5-225x300.jpeg 225w, https:\/\/elkaminante.com.uy\/wp-content\/uploads\/2023\/03\/5-600x800.jpeg 600w\" sizes=\"auto, (max-width: 768px) 100vw, 768px\" \/><\/a><\/figure>\n\n\n\n<figure class=\"wp-block-image size-large\"><a href=\"https:\/\/elkaminante.com.uy\/wp-content\/uploads\/2023\/03\/1.jpeg\"><img loading=\"lazy\" decoding=\"async\" width=\"768\" height=\"1024\" data-id=\"8341\" src=\"https:\/\/elkaminante.com.uy\/wp-content\/uploads\/2023\/03\/1.jpeg\" alt=\"\" class=\"wp-image-8341\" srcset=\"https:\/\/elkaminante.com.uy\/wp-content\/uploads\/2023\/03\/1.jpeg 768w, https:\/\/elkaminante.com.uy\/wp-content\/uploads\/2023\/03\/1-225x300.jpeg 225w, https:\/\/elkaminante.com.uy\/wp-content\/uploads\/2023\/03\/1-600x800.jpeg 600w\" sizes=\"auto, (max-width: 768px) 100vw, 768px\" \/><\/a><\/figure>\n\n\n\n<figure class=\"wp-block-image size-large\"><a href=\"https:\/\/elkaminante.com.uy\/wp-content\/uploads\/2023\/03\/8.jpeg\"><img loading=\"lazy\" decoding=\"async\" width=\"768\" height=\"1024\" data-id=\"8340\" src=\"https:\/\/elkaminante.com.uy\/wp-content\/uploads\/2023\/03\/8.jpeg\" alt=\"\" class=\"wp-image-8340\" srcset=\"https:\/\/elkaminante.com.uy\/wp-content\/uploads\/2023\/03\/8.jpeg 768w, https:\/\/elkaminante.com.uy\/wp-content\/uploads\/2023\/03\/8-225x300.jpeg 225w, https:\/\/elkaminante.com.uy\/wp-content\/uploads\/2023\/03\/8-600x800.jpeg 600w\" sizes=\"auto, (max-width: 768px) 100vw, 768px\" \/><\/a><\/figure>\n<\/figure>\n","protected":false},"excerpt":{"rendered":"<p>La excursi\u00f3n a las Quebradas del Norte comenz\u00f3 en la madrugada para poder aprovechar al m\u00e1ximo el d\u00eda. Ya habiendo amanecido hicimos una peque\u00f1a parada en Carlos Reiles, para apreciar las grutas que ese pueblo alberga. Mas entrados en la ruta 5 paramos para observar el famoso cerro Batov\u00ed, el cual destaca por su caracter\u00edstica&hellip;<\/p>\n","protected":false},"author":2,"featured_media":8460,"comment_status":"closed","ping_status":"closed","sticky":false,"template":"","format":"standard","meta":{"_acf_changed":false,"inline_featured_image":false,"footnotes":""},"categories":[38,43],"tags":[49,47,48],"class_list":["post-8330","post","type-post","status-publish","format-standard","has-post-thumbnail","hentry","category-novedades","category-paseos","tag-quebradas-del-norte","tag-turismo","tag-uruguay","entry","has-media"],"acf":[],"yoast_head":"<!-- This site is optimized with the Yoast SEO plugin v27.2 - https:\/\/yoast.com\/product\/yoast-seo-wordpress\/ -->\n<title>Visita a las Quebradas del Norte<\/title>\n<meta name=\"robots\" content=\"index, follow, max-snippet:-1, max-image-preview:large, max-video-preview:-1\" \/>\n<link rel=\"canonical\" href=\"https:\/\/elkaminante.com.uy\/blog\/visita-a-las-quebradas-del-norte\/\" \/>\n<meta property=\"og:locale\" content=\"en_US\" \/>\n<meta property=\"og:type\" content=\"article\" \/>\n<meta property=\"og:title\" content=\"Visita a las Quebradas del Norte\" \/>\n<meta property=\"og:description\" content=\"La excursi\u00f3n a las Quebradas del Norte comenz\u00f3 en la madrugada para poder aprovechar al m\u00e1ximo el d\u00eda. Ya habiendo amanecido hicimos una peque\u00f1a parada en Carlos Reiles, para apreciar las grutas que ese pueblo alberga. Mas entrados en la ruta 5 paramos para observar el famoso cerro Batov\u00ed, el cual destaca por su caracter\u00edstica&hellip;\" \/>\n<meta property=\"og:url\" content=\"https:\/\/elkaminante.com.uy\/blog\/visita-a-las-quebradas-del-norte\/\" \/>\n<meta property=\"og:site_name\" content=\"El Kaminante\" \/>\n<meta property=\"article:published_time\" content=\"2023-03-26T23:22:26+00:00\" \/>\n<meta property=\"article:modified_time\" content=\"2025-04-10T19:38:11+00:00\" \/>\n<meta property=\"og:image\" content=\"https:\/\/elkaminante.com.uy\/wp-content\/uploads\/2024\/04\/3-2.jpg\" \/>\n\t<meta property=\"og:image:width\" content=\"1175\" \/>\n\t<meta property=\"og:image:height\" content=\"663\" \/>\n\t<meta property=\"og:image:type\" content=\"image\/jpeg\" \/>\n<meta name=\"author\" content=\"El Kaminante\" \/>\n<meta name=\"twitter:card\" content=\"summary_large_image\" \/>\n<meta name=\"twitter:label1\" content=\"Written by\" \/>\n\t<meta name=\"twitter:data1\" content=\"El Kaminante\" \/>\n\t<meta name=\"twitter:label2\" content=\"Est. reading time\" \/>\n\t<meta name=\"twitter:data2\" content=\"5 minutes\" \/>\n<script type=\"application\/ld+json\" class=\"yoast-schema-graph\">{\"@context\":\"https:\/\/schema.org\",\"@graph\":[{\"@type\":\"Article\",\"@id\":\"https:\/\/elkaminante.com.uy\/blog\/visita-a-las-quebradas-del-norte\/#article\",\"isPartOf\":{\"@id\":\"https:\/\/elkaminante.com.uy\/blog\/visita-a-las-quebradas-del-norte\/\"},\"author\":{\"name\":\"El Kaminante\",\"@id\":\"https:\/\/elkaminante.com.uy\/#\/schema\/person\/3bef2e6076b30f7fb49c2ebfef68e158\"},\"headline\":\"Visita a las Quebradas del Norte\",\"datePublished\":\"2023-03-26T23:22:26+00:00\",\"dateModified\":\"2025-04-10T19:38:11+00:00\",\"mainEntityOfPage\":{\"@id\":\"https:\/\/elkaminante.com.uy\/blog\/visita-a-las-quebradas-del-norte\/\"},\"wordCount\":653,\"publisher\":{\"@id\":\"https:\/\/elkaminante.com.uy\/#organization\"},\"image\":{\"@id\":\"https:\/\/elkaminante.com.uy\/blog\/visita-a-las-quebradas-del-norte\/#primaryimage\"},\"thumbnailUrl\":\"https:\/\/elkaminante.com.uy\/wp-content\/uploads\/2024\/04\/3-2.jpg\",\"keywords\":[\"Quebradas del Norte\",\"Turismo\",\"Uruguay\"],\"articleSection\":[\"Novedades\",\"Paseos\"],\"inLanguage\":\"en-US\"},{\"@type\":\"WebPage\",\"@id\":\"https:\/\/elkaminante.com.uy\/blog\/visita-a-las-quebradas-del-norte\/\",\"url\":\"https:\/\/elkaminante.com.uy\/blog\/visita-a-las-quebradas-del-norte\/\",\"name\":\"Visita a las Quebradas del Norte\",\"isPartOf\":{\"@id\":\"https:\/\/elkaminante.com.uy\/#website\"},\"primaryImageOfPage\":{\"@id\":\"https:\/\/elkaminante.com.uy\/blog\/visita-a-las-quebradas-del-norte\/#primaryimage\"},\"image\":{\"@id\":\"https:\/\/elkaminante.com.uy\/blog\/visita-a-las-quebradas-del-norte\/#primaryimage\"},\"thumbnailUrl\":\"https:\/\/elkaminante.com.uy\/wp-content\/uploads\/2024\/04\/3-2.jpg\",\"datePublished\":\"2023-03-26T23:22:26+00:00\",\"dateModified\":\"2025-04-10T19:38:11+00:00\",\"breadcrumb\":{\"@id\":\"https:\/\/elkaminante.com.uy\/blog\/visita-a-las-quebradas-del-norte\/#breadcrumb\"},\"inLanguage\":\"en-US\",\"potentialAction\":[{\"@type\":\"ReadAction\",\"target\":[\"https:\/\/elkaminante.com.uy\/blog\/visita-a-las-quebradas-del-norte\/\"]}]},{\"@type\":\"ImageObject\",\"inLanguage\":\"en-US\",\"@id\":\"https:\/\/elkaminante.com.uy\/blog\/visita-a-las-quebradas-del-norte\/#primaryimage\",\"url\":\"https:\/\/elkaminante.com.uy\/wp-content\/uploads\/2024\/04\/3-2.jpg\",\"contentUrl\":\"https:\/\/elkaminante.com.uy\/wp-content\/uploads\/2024\/04\/3-2.jpg\",\"width\":1175,\"height\":663},{\"@type\":\"BreadcrumbList\",\"@id\":\"https:\/\/elkaminante.com.uy\/blog\/visita-a-las-quebradas-del-norte\/#breadcrumb\",\"itemListElement\":[{\"@type\":\"ListItem\",\"position\":1,\"name\":\"Inicio\",\"item\":\"https:\/\/elkaminante.com.uy\/en\/\"},{\"@type\":\"ListItem\",\"position\":2,\"name\":\"Visita a las Quebradas del Norte\"}]},{\"@type\":\"WebSite\",\"@id\":\"https:\/\/elkaminante.com.uy\/#website\",\"url\":\"https:\/\/elkaminante.com.uy\/\",\"name\":\"El Kaminante\",\"description\":\"Viajes &amp; Turismo\",\"publisher\":{\"@id\":\"https:\/\/elkaminante.com.uy\/#organization\"},\"potentialAction\":[{\"@type\":\"SearchAction\",\"target\":{\"@type\":\"EntryPoint\",\"urlTemplate\":\"https:\/\/elkaminante.com.uy\/?s={search_term_string}\"},\"query-input\":{\"@type\":\"PropertyValueSpecification\",\"valueRequired\":true,\"valueName\":\"search_term_string\"}}],\"inLanguage\":\"en-US\"},{\"@type\":\"Organization\",\"@id\":\"https:\/\/elkaminante.com.uy\/#organization\",\"name\":\"El Kaminante\",\"url\":\"https:\/\/elkaminante.com.uy\/\",\"logo\":{\"@type\":\"ImageObject\",\"inLanguage\":\"en-US\",\"@id\":\"https:\/\/elkaminante.com.uy\/#\/schema\/logo\/image\/\",\"url\":\"https:\/\/elkaminante.com.uy\/wp-content\/uploads\/2025\/02\/logo-elkaminante-blanco.svg\",\"contentUrl\":\"https:\/\/elkaminante.com.uy\/wp-content\/uploads\/2025\/02\/logo-elkaminante-blanco.svg\",\"caption\":\"El Kaminante\"},\"image\":{\"@id\":\"https:\/\/elkaminante.com.uy\/#\/schema\/logo\/image\/\"}},{\"@type\":\"Person\",\"@id\":\"https:\/\/elkaminante.com.uy\/#\/schema\/person\/3bef2e6076b30f7fb49c2ebfef68e158\",\"name\":\"El Kaminante\",\"image\":{\"@type\":\"ImageObject\",\"inLanguage\":\"en-US\",\"@id\":\"https:\/\/secure.gravatar.com\/avatar\/e323e6b9b7e9228f473a6bf0248544fb5734b5446609827abc7d3805b450f589?s=96&d=mm&r=g\",\"url\":\"https:\/\/secure.gravatar.com\/avatar\/e323e6b9b7e9228f473a6bf0248544fb5734b5446609827abc7d3805b450f589?s=96&d=mm&r=g\",\"contentUrl\":\"https:\/\/secure.gravatar.com\/avatar\/e323e6b9b7e9228f473a6bf0248544fb5734b5446609827abc7d3805b450f589?s=96&d=mm&r=g\",\"caption\":\"El Kaminante\"},\"description\":\"Viajes &amp; Turismo\"}]}<\/script>\n<!-- \/ Yoast SEO plugin. -->","yoast_head_json":{"title":"Visita a las Quebradas del Norte","robots":{"index":"index","follow":"follow","max-snippet":"max-snippet:-1","max-image-preview":"max-image-preview:large","max-video-preview":"max-video-preview:-1"},"canonical":"https:\/\/elkaminante.com.uy\/blog\/visita-a-las-quebradas-del-norte\/","og_locale":"en_US","og_type":"article","og_title":"Visita a las Quebradas del Norte","og_description":"La excursi\u00f3n a las Quebradas del Norte comenz\u00f3 en la madrugada para poder aprovechar al m\u00e1ximo el d\u00eda. Ya habiendo amanecido hicimos una peque\u00f1a parada en Carlos Reiles, para apreciar las grutas que ese pueblo alberga. Mas entrados en la ruta 5 paramos para observar el famoso cerro Batov\u00ed, el cual destaca por su caracter\u00edstica&hellip;","og_url":"https:\/\/elkaminante.com.uy\/blog\/visita-a-las-quebradas-del-norte\/","og_site_name":"El Kaminante","article_published_time":"2023-03-26T23:22:26+00:00","article_modified_time":"2025-04-10T19:38:11+00:00","og_image":[{"width":1175,"height":663,"url":"https:\/\/elkaminante.com.uy\/wp-content\/uploads\/2024\/04\/3-2.jpg","type":"image\/jpeg"}],"author":"El Kaminante","twitter_card":"summary_large_image","twitter_misc":{"Written by":"El Kaminante","Est. reading time":"5 minutes"},"schema":{"@context":"https:\/\/schema.org","@graph":[{"@type":"Article","@id":"https:\/\/elkaminante.com.uy\/blog\/visita-a-las-quebradas-del-norte\/#article","isPartOf":{"@id":"https:\/\/elkaminante.com.uy\/blog\/visita-a-las-quebradas-del-norte\/"},"author":{"name":"El Kaminante","@id":"https:\/\/elkaminante.com.uy\/#\/schema\/person\/3bef2e6076b30f7fb49c2ebfef68e158"},"headline":"Visita a las Quebradas del Norte","datePublished":"2023-03-26T23:22:26+00:00","dateModified":"2025-04-10T19:38:11+00:00","mainEntityOfPage":{"@id":"https:\/\/elkaminante.com.uy\/blog\/visita-a-las-quebradas-del-norte\/"},"wordCount":653,"publisher":{"@id":"https:\/\/elkaminante.com.uy\/#organization"},"image":{"@id":"https:\/\/elkaminante.com.uy\/blog\/visita-a-las-quebradas-del-norte\/#primaryimage"},"thumbnailUrl":"https:\/\/elkaminante.com.uy\/wp-content\/uploads\/2024\/04\/3-2.jpg","keywords":["Quebradas del Norte","Turismo","Uruguay"],"articleSection":["Novedades","Paseos"],"inLanguage":"en-US"},{"@type":"WebPage","@id":"https:\/\/elkaminante.com.uy\/blog\/visita-a-las-quebradas-del-norte\/","url":"https:\/\/elkaminante.com.uy\/blog\/visita-a-las-quebradas-del-norte\/","name":"Visita a las Quebradas del Norte","isPartOf":{"@id":"https:\/\/elkaminante.com.uy\/#website"},"primaryImageOfPage":{"@id":"https:\/\/elkaminante.com.uy\/blog\/visita-a-las-quebradas-del-norte\/#primaryimage"},"image":{"@id":"https:\/\/elkaminante.com.uy\/blog\/visita-a-las-quebradas-del-norte\/#primaryimage"},"thumbnailUrl":"https:\/\/elkaminante.com.uy\/wp-content\/uploads\/2024\/04\/3-2.jpg","datePublished":"2023-03-26T23:22:26+00:00","dateModified":"2025-04-10T19:38:11+00:00","breadcrumb":{"@id":"https:\/\/elkaminante.com.uy\/blog\/visita-a-las-quebradas-del-norte\/#breadcrumb"},"inLanguage":"en-US","potentialAction":[{"@type":"ReadAction","target":["https:\/\/elkaminante.com.uy\/blog\/visita-a-las-quebradas-del-norte\/"]}]},{"@type":"ImageObject","inLanguage":"en-US","@id":"https:\/\/elkaminante.com.uy\/blog\/visita-a-las-quebradas-del-norte\/#primaryimage","url":"https:\/\/elkaminante.com.uy\/wp-content\/uploads\/2024\/04\/3-2.jpg","contentUrl":"https:\/\/elkaminante.com.uy\/wp-content\/uploads\/2024\/04\/3-2.jpg","width":1175,"height":663},{"@type":"BreadcrumbList","@id":"https:\/\/elkaminante.com.uy\/blog\/visita-a-las-quebradas-del-norte\/#breadcrumb","itemListElement":[{"@type":"ListItem","position":1,"name":"Inicio","item":"https:\/\/elkaminante.com.uy\/en\/"},{"@type":"ListItem","position":2,"name":"Visita a las Quebradas del Norte"}]},{"@type":"WebSite","@id":"https:\/\/elkaminante.com.uy\/#website","url":"https:\/\/elkaminante.com.uy\/","name":"El Kaminante","description":"Viajes &amp; Turismo","publisher":{"@id":"https:\/\/elkaminante.com.uy\/#organization"},"potentialAction":[{"@type":"SearchAction","target":{"@type":"EntryPoint","urlTemplate":"https:\/\/elkaminante.com.uy\/?s={search_term_string}"},"query-input":{"@type":"PropertyValueSpecification","valueRequired":true,"valueName":"search_term_string"}}],"inLanguage":"en-US"},{"@type":"Organization","@id":"https:\/\/elkaminante.com.uy\/#organization","name":"El Kaminante","url":"https:\/\/elkaminante.com.uy\/","logo":{"@type":"ImageObject","inLanguage":"en-US","@id":"https:\/\/elkaminante.com.uy\/#\/schema\/logo\/image\/","url":"https:\/\/elkaminante.com.uy\/wp-content\/uploads\/2025\/02\/logo-elkaminante-blanco.svg","contentUrl":"https:\/\/elkaminante.com.uy\/wp-content\/uploads\/2025\/02\/logo-elkaminante-blanco.svg","caption":"El Kaminante"},"image":{"@id":"https:\/\/elkaminante.com.uy\/#\/schema\/logo\/image\/"}},{"@type":"Person","@id":"https:\/\/elkaminante.com.uy\/#\/schema\/person\/3bef2e6076b30f7fb49c2ebfef68e158","name":"El Kaminante","image":{"@type":"ImageObject","inLanguage":"en-US","@id":"https:\/\/secure.gravatar.com\/avatar\/e323e6b9b7e9228f473a6bf0248544fb5734b5446609827abc7d3805b450f589?s=96&d=mm&r=g","url":"https:\/\/secure.gravatar.com\/avatar\/e323e6b9b7e9228f473a6bf0248544fb5734b5446609827abc7d3805b450f589?s=96&d=mm&r=g","contentUrl":"https:\/\/secure.gravatar.com\/avatar\/e323e6b9b7e9228f473a6bf0248544fb5734b5446609827abc7d3805b450f589?s=96&d=mm&r=g","caption":"El Kaminante"},"description":"Viajes &amp; Turismo"}]}},"_links":{"self":[{"href":"https:\/\/elkaminante.com.uy\/en\/wp-json\/wp\/v2\/posts\/8330","targetHints":{"allow":["GET"]}}],"collection":[{"href":"https:\/\/elkaminante.com.uy\/en\/wp-json\/wp\/v2\/posts"}],"about":[{"href":"https:\/\/elkaminante.com.uy\/en\/wp-json\/wp\/v2\/types\/post"}],"author":[{"embeddable":true,"href":"https:\/\/elkaminante.com.uy\/en\/wp-json\/wp\/v2\/users\/2"}],"replies":[{"embeddable":true,"href":"https:\/\/elkaminante.com.uy\/en\/wp-json\/wp\/v2\/comments?post=8330"}],"version-history":[{"count":0,"href":"https:\/\/elkaminante.com.uy\/en\/wp-json\/wp\/v2\/posts\/8330\/revisions"}],"wp:featuredmedia":[{"embeddable":true,"href":"https:\/\/elkaminante.com.uy\/en\/wp-json\/wp\/v2\/media\/8460"}],"wp:attachment":[{"href":"https:\/\/elkaminante.com.uy\/en\/wp-json\/wp\/v2\/media?parent=8330"}],"wp:term":[{"taxonomy":"category","embeddable":true,"href":"https:\/\/elkaminante.com.uy\/en\/wp-json\/wp\/v2\/categories?post=8330"},{"taxonomy":"post_tag","embeddable":true,"href":"https:\/\/elkaminante.com.uy\/en\/wp-json\/wp\/v2\/tags?post=8330"}],"curies":[{"name":"wp","href":"https:\/\/api.w.org\/{rel}","templated":true}]}}