{"id":828,"date":"2014-01-24T11:32:25","date_gmt":"2014-01-24T14:32:25","guid":{"rendered":"http:\/\/www.elkaminante.com.uy\/?p=828"},"modified":"2014-01-24T11:32:25","modified_gmt":"2014-01-24T14:32:25","slug":"viaje-al-mundial-2014","status":"publish","type":"post","link":"https:\/\/elkaminante.com.uy\/en\/blog\/viaje-al-mundial-2014\/","title":{"rendered":"Viaje al Mundial 2014"},"content":{"rendered":"\n<figure class=\"wp-block-image\"><img loading=\"lazy\" decoding=\"async\" width=\"620\" height=\"308\" src=\"https:\/\/elkaminante.com.uy\/wp-content\/uploads\/2019\/06\/Copa-Mundial-2014-US790.jpg\" alt=\"\" class=\"wp-image-5941\" srcset=\"https:\/\/elkaminante.com.uy\/wp-content\/uploads\/2019\/06\/Copa-Mundial-2014-US790.jpg 620w, https:\/\/elkaminante.com.uy\/wp-content\/uploads\/2019\/06\/Copa-Mundial-2014-US790-300x149.jpg 300w, https:\/\/elkaminante.com.uy\/wp-content\/uploads\/2019\/06\/Copa-Mundial-2014-US790-600x298.jpg 600w\" sizes=\"auto, (max-width: 620px) 100vw, 620px\" \/><\/figure>\n\n\n<p><span style=\"color: #ff6600;\"><strong>Si tenes tu entrada Nosotros te llevamos!!!<\/strong><\/span><\/p>\n<p><em>Incluido:<\/em><\/p>\n<p>Transporte del viaje y traslado al arena + Gastos de migraci\u00f3n + Servicio a Bordo<\/p>\n<p>2 noches de alojamiento<\/p>\n<p><strong>No te quedes sin ir!!!<\/strong><\/p>\n<p><b>D\u00edas 1 y 2. <\/b>Salimos el martes <b>17 de junio<\/b> desde Montevideo a las 17:00 hs. rumbo a Brasil para llegar el <b>mi\u00e9rcoles 18<\/b> a <i>Joinville <\/i>o a<i> Curitiba<\/i> en horas de la tardesita, nos alojamos en hotel.<\/p>\n<p><b>D\u00eda 3.<\/b> El <b>Mi\u00e9rcoles 19 de junio<\/b> salimos muy temprano (5:00 o 6:00 am.) rumbo al gran evento, partido <b><i>\u201cURUGUAY vs. INGLATERRA\u201d <\/i><\/b><i>en el estadio Arena Corinthians de la ciudad de San Pablo. <\/i><\/p>\n<p>Luego de este emocionante encuentro y ojal\u00e1 que con la alegr\u00eda de haber ganado!!!, salimos a \u00faltimas horas para disfrutar un par de d\u00edas de descanso y si amerita playa.<\/p>\n<p><b>D\u00eda 4 (20 de junio) <\/b>&nbsp;En horas tempranas llegamos a <i>Florian\u00f3polis<\/i><b>. <\/b>Nos alojamos luego del Check-In y disponemos del<b> <\/b>d\u00eda entero libre, para visitar las famosas lojas brasileras y si el tiempo permite disfrutar las hermosas playas de Floripa! <i>. <\/i><\/p>\n<p><b>D\u00eda 5 (21 de junio) <\/b>Aprovechando que es s\u00e1bado, disponemos de un d\u00eda m\u00e1s para <i>disfrutar! y <\/i>alrededor de las 20:00 hs. emprendemos el retorno llegando el \u2026.<i><\/i><\/p>\n<p><b>D\u00eda 6 (domingo 22 de junio), <\/b>en horas de la tarde a <i>Montevideo!!!<\/i><\/p>\n<p><strong>Precio por persona en base doble o triple, U$$ 790<\/strong><\/p>\n<p>*no incluye la entrada<\/p>","protected":false},"excerpt":{"rendered":"<p>Si tenes tu entrada Nosotros te llevamos!!! Incluido: Transporte del viaje y traslado al arena + Gastos de migraci\u00f3n + Servicio a Bordo 2 noches de alojamiento No te quedes sin ir!!! D\u00edas 1 y 2. Salimos el martes 17 de junio desde Montevideo a las 17:00 hs. rumbo a Brasil para llegar el mi\u00e9rcoles&hellip;<\/p>\n","protected":false},"author":2,"featured_media":5938,"comment_status":"closed","ping_status":"closed","sticky":false,"template":"","format":"standard","meta":{"_acf_changed":false,"inline_featured_image":false,"footnotes":""},"categories":[38],"tags":[42],"class_list":["post-828","post","type-post","status-publish","format-standard","has-post-thumbnail","hentry","category-novedades","tag-viaje-mundial-2014-uruguay-vs-inglaterra","entry","has-media"],"acf":[],"yoast_head":"<!-- This site is optimized with the Yoast SEO plugin v27.2 - https:\/\/yoast.com\/product\/yoast-seo-wordpress\/ -->\n<title>Viaje al Mundial 2014<\/title>\n<meta name=\"robots\" content=\"index, follow, max-snippet:-1, max-image-preview:large, max-video-preview:-1\" \/>\n<link rel=\"canonical\" href=\"https:\/\/elkaminante.com.uy\/blog\/viaje-al-mundial-2014\/\" \/>\n<meta property=\"og:locale\" content=\"en_US\" \/>\n<meta property=\"og:type\" content=\"article\" \/>\n<meta property=\"og:title\" content=\"Viaje al Mundial 2014\" \/>\n<meta property=\"og:description\" content=\"Si tenes tu entrada Nosotros te llevamos!!! Incluido: Transporte del viaje y traslado al arena + Gastos de migraci\u00f3n + Servicio a Bordo 2 noches de alojamiento No te quedes sin ir!!! D\u00edas 1 y 2. Salimos el martes 17 de junio desde Montevideo a las 17:00 hs. rumbo a Brasil para llegar el mi\u00e9rcoles&hellip;\" \/>\n<meta property=\"og:url\" content=\"https:\/\/elkaminante.com.uy\/blog\/viaje-al-mundial-2014\/\" \/>\n<meta property=\"og:site_name\" content=\"El Kaminante\" \/>\n<meta property=\"article:published_time\" content=\"2014-01-24T14:32:25+00:00\" \/>\n<meta property=\"og:image\" content=\"https:\/\/elkaminante.com.uy\/wp-content\/uploads\/2019\/06\/Copa-Mundial-2014-banner-1600x362-1.jpg\" \/>\n\t<meta property=\"og:image:width\" content=\"1600\" \/>\n\t<meta property=\"og:image:height\" content=\"362\" \/>\n\t<meta property=\"og:image:type\" content=\"image\/jpeg\" \/>\n<meta name=\"author\" content=\"El Kaminante\" \/>\n<meta name=\"twitter:card\" content=\"summary_large_image\" \/>\n<meta name=\"twitter:label1\" content=\"Written by\" \/>\n\t<meta name=\"twitter:data1\" content=\"El Kaminante\" \/>\n\t<meta name=\"twitter:label2\" content=\"Est. reading time\" \/>\n\t<meta name=\"twitter:data2\" content=\"1 minute\" \/>\n<script type=\"application\/ld+json\" class=\"yoast-schema-graph\">{\"@context\":\"https:\/\/schema.org\",\"@graph\":[{\"@type\":\"Article\",\"@id\":\"https:\/\/elkaminante.com.uy\/blog\/viaje-al-mundial-2014\/#article\",\"isPartOf\":{\"@id\":\"https:\/\/elkaminante.com.uy\/blog\/viaje-al-mundial-2014\/\"},\"author\":{\"name\":\"El Kaminante\",\"@id\":\"https:\/\/elkaminante.com.uy\/#\/schema\/person\/3bef2e6076b30f7fb49c2ebfef68e158\"},\"headline\":\"Viaje al Mundial 2014\",\"datePublished\":\"2014-01-24T14:32:25+00:00\",\"mainEntityOfPage\":{\"@id\":\"https:\/\/elkaminante.com.uy\/blog\/viaje-al-mundial-2014\/\"},\"wordCount\":225,\"publisher\":{\"@id\":\"https:\/\/elkaminante.com.uy\/#organization\"},\"image\":{\"@id\":\"https:\/\/elkaminante.com.uy\/blog\/viaje-al-mundial-2014\/#primaryimage\"},\"thumbnailUrl\":\"https:\/\/elkaminante.com.uy\/wp-content\/uploads\/2019\/06\/Copa-Mundial-2014-banner-1600x362-1.jpg\",\"keywords\":[\"\\\"Viaje\\\" \\\"Mundial 2014\\\" \\\"Uruguay vs. Inglaterra\\\"\"],\"articleSection\":[\"Novedades\"],\"inLanguage\":\"en-US\"},{\"@type\":\"WebPage\",\"@id\":\"https:\/\/elkaminante.com.uy\/blog\/viaje-al-mundial-2014\/\",\"url\":\"https:\/\/elkaminante.com.uy\/blog\/viaje-al-mundial-2014\/\",\"name\":\"Viaje al Mundial 2014\",\"isPartOf\":{\"@id\":\"https:\/\/elkaminante.com.uy\/#website\"},\"primaryImageOfPage\":{\"@id\":\"https:\/\/elkaminante.com.uy\/blog\/viaje-al-mundial-2014\/#primaryimage\"},\"image\":{\"@id\":\"https:\/\/elkaminante.com.uy\/blog\/viaje-al-mundial-2014\/#primaryimage\"},\"thumbnailUrl\":\"https:\/\/elkaminante.com.uy\/wp-content\/uploads\/2019\/06\/Copa-Mundial-2014-banner-1600x362-1.jpg\",\"datePublished\":\"2014-01-24T14:32:25+00:00\",\"breadcrumb\":{\"@id\":\"https:\/\/elkaminante.com.uy\/blog\/viaje-al-mundial-2014\/#breadcrumb\"},\"inLanguage\":\"en-US\",\"potentialAction\":[{\"@type\":\"ReadAction\",\"target\":[\"https:\/\/elkaminante.com.uy\/blog\/viaje-al-mundial-2014\/\"]}]},{\"@type\":\"ImageObject\",\"inLanguage\":\"en-US\",\"@id\":\"https:\/\/elkaminante.com.uy\/blog\/viaje-al-mundial-2014\/#primaryimage\",\"url\":\"https:\/\/elkaminante.com.uy\/wp-content\/uploads\/2019\/06\/Copa-Mundial-2014-banner-1600x362-1.jpg\",\"contentUrl\":\"https:\/\/elkaminante.com.uy\/wp-content\/uploads\/2019\/06\/Copa-Mundial-2014-banner-1600x362-1.jpg\",\"width\":1600,\"height\":362},{\"@type\":\"BreadcrumbList\",\"@id\":\"https:\/\/elkaminante.com.uy\/blog\/viaje-al-mundial-2014\/#breadcrumb\",\"itemListElement\":[{\"@type\":\"ListItem\",\"position\":1,\"name\":\"Inicio\",\"item\":\"https:\/\/elkaminante.com.uy\/en\/\"},{\"@type\":\"ListItem\",\"position\":2,\"name\":\"Viaje al Mundial 2014\"}]},{\"@type\":\"WebSite\",\"@id\":\"https:\/\/elkaminante.com.uy\/#website\",\"url\":\"https:\/\/elkaminante.com.uy\/\",\"name\":\"El Kaminante\",\"description\":\"Viajes &amp; Turismo\",\"publisher\":{\"@id\":\"https:\/\/elkaminante.com.uy\/#organization\"},\"potentialAction\":[{\"@type\":\"SearchAction\",\"target\":{\"@type\":\"EntryPoint\",\"urlTemplate\":\"https:\/\/elkaminante.com.uy\/?s={search_term_string}\"},\"query-input\":{\"@type\":\"PropertyValueSpecification\",\"valueRequired\":true,\"valueName\":\"search_term_string\"}}],\"inLanguage\":\"en-US\"},{\"@type\":\"Organization\",\"@id\":\"https:\/\/elkaminante.com.uy\/#organization\",\"name\":\"El Kaminante\",\"url\":\"https:\/\/elkaminante.com.uy\/\",\"logo\":{\"@type\":\"ImageObject\",\"inLanguage\":\"en-US\",\"@id\":\"https:\/\/elkaminante.com.uy\/#\/schema\/logo\/image\/\",\"url\":\"https:\/\/elkaminante.com.uy\/wp-content\/uploads\/2025\/02\/logo-elkaminante-blanco.svg\",\"contentUrl\":\"https:\/\/elkaminante.com.uy\/wp-content\/uploads\/2025\/02\/logo-elkaminante-blanco.svg\",\"caption\":\"El Kaminante\"},\"image\":{\"@id\":\"https:\/\/elkaminante.com.uy\/#\/schema\/logo\/image\/\"}},{\"@type\":\"Person\",\"@id\":\"https:\/\/elkaminante.com.uy\/#\/schema\/person\/3bef2e6076b30f7fb49c2ebfef68e158\",\"name\":\"El Kaminante\",\"image\":{\"@type\":\"ImageObject\",\"inLanguage\":\"en-US\",\"@id\":\"https:\/\/secure.gravatar.com\/avatar\/e323e6b9b7e9228f473a6bf0248544fb5734b5446609827abc7d3805b450f589?s=96&d=mm&r=g\",\"url\":\"https:\/\/secure.gravatar.com\/avatar\/e323e6b9b7e9228f473a6bf0248544fb5734b5446609827abc7d3805b450f589?s=96&d=mm&r=g\",\"contentUrl\":\"https:\/\/secure.gravatar.com\/avatar\/e323e6b9b7e9228f473a6bf0248544fb5734b5446609827abc7d3805b450f589?s=96&d=mm&r=g\",\"caption\":\"El Kaminante\"},\"description\":\"Viajes &amp; Turismo\"}]}<\/script>\n<!-- \/ Yoast SEO plugin. -->","yoast_head_json":{"title":"Viaje al Mundial 2014","robots":{"index":"index","follow":"follow","max-snippet":"max-snippet:-1","max-image-preview":"max-image-preview:large","max-video-preview":"max-video-preview:-1"},"canonical":"https:\/\/elkaminante.com.uy\/blog\/viaje-al-mundial-2014\/","og_locale":"en_US","og_type":"article","og_title":"Viaje al Mundial 2014","og_description":"Si tenes tu entrada Nosotros te llevamos!!! Incluido: Transporte del viaje y traslado al arena + Gastos de migraci\u00f3n + Servicio a Bordo 2 noches de alojamiento No te quedes sin ir!!! D\u00edas 1 y 2. Salimos el martes 17 de junio desde Montevideo a las 17:00 hs. rumbo a Brasil para llegar el mi\u00e9rcoles&hellip;","og_url":"https:\/\/elkaminante.com.uy\/blog\/viaje-al-mundial-2014\/","og_site_name":"El Kaminante","article_published_time":"2014-01-24T14:32:25+00:00","og_image":[{"width":1600,"height":362,"url":"https:\/\/elkaminante.com.uy\/wp-content\/uploads\/2019\/06\/Copa-Mundial-2014-banner-1600x362-1.jpg","type":"image\/jpeg"}],"author":"El Kaminante","twitter_card":"summary_large_image","twitter_misc":{"Written by":"El Kaminante","Est. reading time":"1 minute"},"schema":{"@context":"https:\/\/schema.org","@graph":[{"@type":"Article","@id":"https:\/\/elkaminante.com.uy\/blog\/viaje-al-mundial-2014\/#article","isPartOf":{"@id":"https:\/\/elkaminante.com.uy\/blog\/viaje-al-mundial-2014\/"},"author":{"name":"El Kaminante","@id":"https:\/\/elkaminante.com.uy\/#\/schema\/person\/3bef2e6076b30f7fb49c2ebfef68e158"},"headline":"Viaje al Mundial 2014","datePublished":"2014-01-24T14:32:25+00:00","mainEntityOfPage":{"@id":"https:\/\/elkaminante.com.uy\/blog\/viaje-al-mundial-2014\/"},"wordCount":225,"publisher":{"@id":"https:\/\/elkaminante.com.uy\/#organization"},"image":{"@id":"https:\/\/elkaminante.com.uy\/blog\/viaje-al-mundial-2014\/#primaryimage"},"thumbnailUrl":"https:\/\/elkaminante.com.uy\/wp-content\/uploads\/2019\/06\/Copa-Mundial-2014-banner-1600x362-1.jpg","keywords":["\"Viaje\" \"Mundial 2014\" \"Uruguay vs. Inglaterra\""],"articleSection":["Novedades"],"inLanguage":"en-US"},{"@type":"WebPage","@id":"https:\/\/elkaminante.com.uy\/blog\/viaje-al-mundial-2014\/","url":"https:\/\/elkaminante.com.uy\/blog\/viaje-al-mundial-2014\/","name":"Viaje al Mundial 2014","isPartOf":{"@id":"https:\/\/elkaminante.com.uy\/#website"},"primaryImageOfPage":{"@id":"https:\/\/elkaminante.com.uy\/blog\/viaje-al-mundial-2014\/#primaryimage"},"image":{"@id":"https:\/\/elkaminante.com.uy\/blog\/viaje-al-mundial-2014\/#primaryimage"},"thumbnailUrl":"https:\/\/elkaminante.com.uy\/wp-content\/uploads\/2019\/06\/Copa-Mundial-2014-banner-1600x362-1.jpg","datePublished":"2014-01-24T14:32:25+00:00","breadcrumb":{"@id":"https:\/\/elkaminante.com.uy\/blog\/viaje-al-mundial-2014\/#breadcrumb"},"inLanguage":"en-US","potentialAction":[{"@type":"ReadAction","target":["https:\/\/elkaminante.com.uy\/blog\/viaje-al-mundial-2014\/"]}]},{"@type":"ImageObject","inLanguage":"en-US","@id":"https:\/\/elkaminante.com.uy\/blog\/viaje-al-mundial-2014\/#primaryimage","url":"https:\/\/elkaminante.com.uy\/wp-content\/uploads\/2019\/06\/Copa-Mundial-2014-banner-1600x362-1.jpg","contentUrl":"https:\/\/elkaminante.com.uy\/wp-content\/uploads\/2019\/06\/Copa-Mundial-2014-banner-1600x362-1.jpg","width":1600,"height":362},{"@type":"BreadcrumbList","@id":"https:\/\/elkaminante.com.uy\/blog\/viaje-al-mundial-2014\/#breadcrumb","itemListElement":[{"@type":"ListItem","position":1,"name":"Inicio","item":"https:\/\/elkaminante.com.uy\/en\/"},{"@type":"ListItem","position":2,"name":"Viaje al Mundial 2014"}]},{"@type":"WebSite","@id":"https:\/\/elkaminante.com.uy\/#website","url":"https:\/\/elkaminante.com.uy\/","name":"El Kaminante","description":"Viajes &amp; Turismo","publisher":{"@id":"https:\/\/elkaminante.com.uy\/#organization"},"potentialAction":[{"@type":"SearchAction","target":{"@type":"EntryPoint","urlTemplate":"https:\/\/elkaminante.com.uy\/?s={search_term_string}"},"query-input":{"@type":"PropertyValueSpecification","valueRequired":true,"valueName":"search_term_string"}}],"inLanguage":"en-US"},{"@type":"Organization","@id":"https:\/\/elkaminante.com.uy\/#organization","name":"El Kaminante","url":"https:\/\/elkaminante.com.uy\/","logo":{"@type":"ImageObject","inLanguage":"en-US","@id":"https:\/\/elkaminante.com.uy\/#\/schema\/logo\/image\/","url":"https:\/\/elkaminante.com.uy\/wp-content\/uploads\/2025\/02\/logo-elkaminante-blanco.svg","contentUrl":"https:\/\/elkaminante.com.uy\/wp-content\/uploads\/2025\/02\/logo-elkaminante-blanco.svg","caption":"El Kaminante"},"image":{"@id":"https:\/\/elkaminante.com.uy\/#\/schema\/logo\/image\/"}},{"@type":"Person","@id":"https:\/\/elkaminante.com.uy\/#\/schema\/person\/3bef2e6076b30f7fb49c2ebfef68e158","name":"El Kaminante","image":{"@type":"ImageObject","inLanguage":"en-US","@id":"https:\/\/secure.gravatar.com\/avatar\/e323e6b9b7e9228f473a6bf0248544fb5734b5446609827abc7d3805b450f589?s=96&d=mm&r=g","url":"https:\/\/secure.gravatar.com\/avatar\/e323e6b9b7e9228f473a6bf0248544fb5734b5446609827abc7d3805b450f589?s=96&d=mm&r=g","contentUrl":"https:\/\/secure.gravatar.com\/avatar\/e323e6b9b7e9228f473a6bf0248544fb5734b5446609827abc7d3805b450f589?s=96&d=mm&r=g","caption":"El Kaminante"},"description":"Viajes &amp; Turismo"}]}},"_links":{"self":[{"href":"https:\/\/elkaminante.com.uy\/en\/wp-json\/wp\/v2\/posts\/828","targetHints":{"allow":["GET"]}}],"collection":[{"href":"https:\/\/elkaminante.com.uy\/en\/wp-json\/wp\/v2\/posts"}],"about":[{"href":"https:\/\/elkaminante.com.uy\/en\/wp-json\/wp\/v2\/types\/post"}],"author":[{"embeddable":true,"href":"https:\/\/elkaminante.com.uy\/en\/wp-json\/wp\/v2\/users\/2"}],"replies":[{"embeddable":true,"href":"https:\/\/elkaminante.com.uy\/en\/wp-json\/wp\/v2\/comments?post=828"}],"version-history":[{"count":0,"href":"https:\/\/elkaminante.com.uy\/en\/wp-json\/wp\/v2\/posts\/828\/revisions"}],"wp:featuredmedia":[{"embeddable":true,"href":"https:\/\/elkaminante.com.uy\/en\/wp-json\/wp\/v2\/media\/5938"}],"wp:attachment":[{"href":"https:\/\/elkaminante.com.uy\/en\/wp-json\/wp\/v2\/media?parent=828"}],"wp:term":[{"taxonomy":"category","embeddable":true,"href":"https:\/\/elkaminante.com.uy\/en\/wp-json\/wp\/v2\/categories?post=828"},{"taxonomy":"post_tag","embeddable":true,"href":"https:\/\/elkaminante.com.uy\/en\/wp-json\/wp\/v2\/tags?post=828"}],"curies":[{"name":"wp","href":"https:\/\/api.w.org\/{rel}","templated":true}]}}