{"id":1335,"date":"2016-01-08T12:19:35","date_gmt":"2016-01-08T14:19:35","guid":{"rendered":"http:\/\/www.elkaminante.com.uy\/?p=1335"},"modified":"2016-01-08T12:19:35","modified_gmt":"2016-01-08T14:19:35","slug":"rio-gallegos-viaje-al-fin-del-mundo","status":"publish","type":"post","link":"https:\/\/elkaminante.com.uy\/en\/blog\/rio-gallegos-viaje-al-fin-del-mundo\/","title":{"rendered":"R\u00edo Gallegos \u2013 Viaje al fin del mundo"},"content":{"rendered":"<h3><\/h3>\n<p>Luego de partir del <a href=\"http:\/\/www.elkaminante.com.uy\/puerto-de-san-julian-viaje-al-fin-del-mundo\/#.Vo_FCPnhC70\">Puerto de San Juli\u00e1n<\/a> a la expedici\u00f3n desde la Bah\u00eda de San Juli\u00e1n a las islas Justicia y\u00a0Cormor\u00e1n, donde tendremos la oportunidad de poder presenciar la maravillosa fauna patag\u00f3nica, seguiremos con nuestro viaje <a href=\"http:\/\/www.elkaminante.com.uy\/tours_post\/viaje-al-fin-del-mundo\/\">Viaje al fin del mundo<\/a>\u00a0hacia R\u00edo Gallegos, donde nos alojaremos.<\/p>\n<p>R\u00edo Gallegos es la capital de la provincia de Santa Cruz, Argentina. Est\u00e1 ubicada en la desembocadura del r\u00edo Gallegos, en el departamento G\u00fcer Aike, es la ciudad m\u00e1s poblada de la provincia y el centro distribuidor para las actividades tur\u00edsticas de la zona. La oferta tur\u00edstica de la ciudad est\u00e1 conformada por museos, monumentos hist\u00f3rico-culturales y circuitos urbanos; as\u00ed como tambi\u00e9n un estuario que alberga miles de aves residentes y migratorias. Fuera del radio urbano puede optarse por la hospitalidad de las estancias tur\u00edsticas, un recorrido por el paisaje volc\u00e1nico de la laguna Azul o una excursi\u00f3n a la Reserva Faun\u00edstica Cabo V\u00edrgenes, una de las mayores ping\u00fcineras de Am\u00e9rica del Sur que alberga, de octubre a abril, a m\u00e1s de 150 000 ping\u00fcinos magall\u00e1nicos.<\/p>\n<p><img loading=\"lazy\" decoding=\"async\" class=\"aligncenter size-full wp-image-1336\" src=\"http:\/\/www.elkaminante.com.uy\/wp-content\/uploads\/2016\/01\/riogallegos02.png\" alt=\"riogallegos02\" width=\"700\" height=\"366\" \/><\/p>\n<p>La ciudad recibe su nombre en homenaje al piloto Blasco Gallegos, miembro de la tripulaci\u00f3n que particip\u00f3 del viaje de circunnavegaci\u00f3n de la Tierra realizado por Fernando de Magallanes. En 1525, la expedici\u00f3n de Garc\u00eda Jofre de Loa\u00edsa, cuando llega al r\u00edo San Ildelfonso (hoy R\u00edo Gallegos), y la encabezada por Sim\u00f3n de Alcazaba en 1535 (quien por primera vez lo llama Gallegos) son las primeras noticias hist\u00f3ricas de la actual ciudad de R\u00edo Gallegos.<\/p>\n<p>R\u00edo Gallegos, nace al instalarse la Sub Prefectura Mar\u00edtima, el 19 de diciembre de 1885. Su destino era al parecer muy modesto, en el aspecto material, pero de denso contenido por su finalidad: &#8220;Ejercer dominio permanente, directo y categ\u00f3rico sobre el extremo continental del pa\u00eds, en el marco de la defensa de la Soberan\u00eda&#8221;. Durante a\u00f1os, R\u00edo Gallegos fue escala obligada de los jumbos 747 de Aerol\u00edneas Argentinas que realizaban el vuelo transpolar, desde Buenos Aires hacia Nueva Zelanda y Australia.<\/p>\n<p>Es considerada como una de las ciudades argentinas de m\u00e1s avance y m\u00e1s crecimiento en distintos aspectos. En cuanto a urbanidad, el centro de la ciudad se encuentra formado por distintos edificios, sedes p\u00fablicas, negocios, supermercados, bancos y galer\u00edas. La avenida principal de la ciudad es la &#8220;Avenida Doctor N\u00e9stor Carlos Kirchner&#8221; que recorre unos 2,9 kil\u00f3metros del casco urbano, atravesando el centro econ\u00f3mico-comercial de la ciudad. \u00a0A trav\u00e9s del tiempo la ciudad ha ido aumentando considerablemente su poblaci\u00f3n, su desarrollo y su econom\u00eda social.<\/p>\n<p><img loading=\"lazy\" decoding=\"async\" class=\"aligncenter size-full wp-image-1337\" src=\"http:\/\/www.elkaminante.com.uy\/wp-content\/uploads\/2016\/01\/riogallegos01.png\" alt=\"riogallegos01\" width=\"700\" height=\"366\" \/><\/p>\n<p>La ciudad cuenta con diversos museos y paseos tur\u00edsticos. El Museo de los Pioneros, dedicado desde el a\u00f1o 1989 como museo en homenaje a quienes vinieron y se quedaron en estas tierras australes. En el interior se pueden observar objetos pertenecientes a las familias pioneras de la zona y se puede conocer la historia de R\u00edo Gallegos.\u00a0El Museo Ferroviario Roberto Gali\u00e1n, que recorre la vida y la historia del Ramal Ferro Industrial que funcion\u00f3 en R\u00edo Gallegos. Se puede admirar una antigua locomotora a vapor y cuenta con galer\u00eda de cuadros, material bibliogr\u00e1fico hist\u00f3rico, herramientas y planos del antiguo ramal ferro-industrial &#8220;Eva Per\u00f3n\u201d.<\/p>\n<p>El Museo Regional Padre Jes\u00fas Molina, cuenta con salas de paleontolog\u00eda, geolog\u00eda, bellas artes, una sala participativa de ciencias y de antropolog\u00eda. En la Casa Hist\u00f3rica del Gobernador Gregores, se difunde un per\u00edodo de la historia de Santa Cruz en el cual el Teniente \u00a0Juan Manuel Gregores, se desempe\u00f1\u00f3 como gobernador del territorio nacional entre los a\u00f1os 1932-1945. En la casa, se exhiben en sus dos salas principales, fotograf\u00edas de casa Roil que muestran a R\u00edo Gallegos en las d\u00e9cadas del &#8217;30 y &#8217;40 y otras que refieren a los tres ejes de gesti\u00f3n de su gobierno.<\/p>\n<p>El Museo Mar\u00edtimo y Naval de la Patagonia Austral, fue creado para satisfacer las inquietudes de un grupo de antiguos pobladores de R\u00edo Gallegos, motivados por la necesidad de conservaci\u00f3n del Patrimonio Cultural, para legarlo a las generaciones futuras, se encuentra emplazado en una vivienda que form\u00f3 parte del primer complejo habitacional de la ciudad construido entre los a\u00f1os 1932 y 1945. Este sitio hist\u00f3rico cuenta con cuatro salas en las que vemos reflejada la presencia de la Armada Argentina como instituci\u00f3n pionera en el desarrollo de la provincia de Santa Cruz y a lo largo de la historia.\u00a0El Museo de la Prefectura Naval Argentina, cuenta con indumentaria de la Prefectura, galer\u00eda de cuadros, r\u00e9plica a escala de las embarcaciones utilizadas por la Prefectura y material bibliogr\u00e1fico hist\u00f3rico.<\/p>\n<p>El Museo de Arte Eduardo Minnicelli, es el primer Museo de la Provincia de Santa Cruz en la especialidad y como naci\u00f3 desde el \u00e1mbito educativo uno de sus objetivos fundamentales, es operar como un instrumento de cambio social, donde el p\u00fablico visitante, pueda acercarse y establecer un contacto cotidiano con los artistas y sus obras y sea part\u00edcipe de una acci\u00f3n cultural rec\u00edproca.<\/p>\n<p>El Museo Malvinas Argentinas, cuenta con una sala de exhibici\u00f3n, con maquetas a escala de aviones, barcos, helic\u00f3pteros, submarinos; una representaci\u00f3n est\u00e1tica que posee un perfil tridimensional que ubica al observador en el tiempo y espacio donde se complementa con la fotograf\u00eda. Las Obras expuestas fueron realizadas por un plastimodelista local, y Veterano de Guerra, Daniel Gonz\u00e1lez.\u00a0Este Museo es una Instituci\u00f3n permanente, sin fines de lucro, al servicio de la sociedad, y de su desarrollo, y abierta al p\u00fablico, que se ocupa de la adquisici\u00f3n, conservaci\u00f3n, investigaci\u00f3n, transmisi\u00f3n de informaci\u00f3n y exposici\u00f3n de testimonios materiales de los individuos y su medio ambiente, con fines de estudio, educaci\u00f3n y recreaci\u00f3n.<\/p>\n<p>Saldremos temprano, rumbo al Estrecho de Magallanes para cruzar en un transbordador y cruzar a la Isla Grande. Seguiremos hasta llegar al Parque Nacional Tierra del Fuego donde nos instalaremos en su capital, Ushuaia, ciudad del fin del mundo.<\/p>\n","protected":false},"excerpt":{"rendered":"<p>Luego de partir del Puerto de San Juli\u00e1n a la expedici\u00f3n desde la Bah\u00eda de San Juli\u00e1n a las islas Justicia y\u00a0Cormor\u00e1n, donde tendremos la oportunidad de poder presenciar la maravillosa fauna patag\u00f3nica, seguiremos con nuestro viaje Viaje al fin del mundo\u00a0hacia R\u00edo Gallegos, donde nos alojaremos. R\u00edo Gallegos es la capital de la provincia&hellip;<\/p>\n","protected":false},"author":2,"featured_media":4979,"comment_status":"closed","ping_status":"closed","sticky":false,"template":"","format":"standard","meta":{"_acf_changed":false,"inline_featured_image":false,"footnotes":""},"categories":[38],"tags":[],"class_list":["post-1335","post","type-post","status-publish","format-standard","has-post-thumbnail","hentry","category-novedades","entry","has-media"],"acf":[],"yoast_head":"<!-- This site is optimized with the Yoast SEO plugin v27.2 - https:\/\/yoast.com\/product\/yoast-seo-wordpress\/ -->\n<title>R\u00edo Gallegos \u2013 Viaje al fin del mundo<\/title>\n<meta name=\"robots\" content=\"index, follow, max-snippet:-1, max-image-preview:large, max-video-preview:-1\" \/>\n<link rel=\"canonical\" href=\"https:\/\/elkaminante.com.uy\/blog\/rio-gallegos-viaje-al-fin-del-mundo\/\" \/>\n<meta property=\"og:locale\" content=\"en_US\" \/>\n<meta property=\"og:type\" content=\"article\" \/>\n<meta property=\"og:title\" content=\"R\u00edo Gallegos \u2013 Viaje al fin del mundo\" \/>\n<meta property=\"og:description\" content=\"Luego de partir del Puerto de San Juli\u00e1n a la expedici\u00f3n desde la Bah\u00eda de San Juli\u00e1n a las islas Justicia y\u00a0Cormor\u00e1n, donde tendremos la oportunidad de poder presenciar la maravillosa fauna patag\u00f3nica, seguiremos con nuestro viaje Viaje al fin del mundo\u00a0hacia R\u00edo Gallegos, donde nos alojaremos. R\u00edo Gallegos es la capital de la provincia&hellip;\" \/>\n<meta property=\"og:url\" content=\"https:\/\/elkaminante.com.uy\/blog\/rio-gallegos-viaje-al-fin-del-mundo\/\" \/>\n<meta property=\"og:site_name\" content=\"El Kaminante\" \/>\n<meta property=\"article:published_time\" content=\"2016-01-08T14:19:35+00:00\" \/>\n<meta property=\"og:image\" content=\"https:\/\/elkaminante.com.uy\/wp-content\/uploads\/2019\/06\/portada-rio-gallegos.jpg\" \/>\n\t<meta property=\"og:image:width\" content=\"1920\" \/>\n\t<meta property=\"og:image:height\" content=\"434\" \/>\n\t<meta property=\"og:image:type\" content=\"image\/jpeg\" \/>\n<meta name=\"author\" content=\"El Kaminante\" \/>\n<meta name=\"twitter:card\" content=\"summary_large_image\" \/>\n<meta name=\"twitter:label1\" content=\"Written by\" \/>\n\t<meta name=\"twitter:data1\" content=\"El Kaminante\" \/>\n\t<meta name=\"twitter:label2\" content=\"Est. reading time\" \/>\n\t<meta name=\"twitter:data2\" content=\"5 minutes\" \/>\n<script type=\"application\/ld+json\" class=\"yoast-schema-graph\">{\"@context\":\"https:\/\/schema.org\",\"@graph\":[{\"@type\":\"Article\",\"@id\":\"https:\/\/elkaminante.com.uy\/blog\/rio-gallegos-viaje-al-fin-del-mundo\/#article\",\"isPartOf\":{\"@id\":\"https:\/\/elkaminante.com.uy\/blog\/rio-gallegos-viaje-al-fin-del-mundo\/\"},\"author\":{\"name\":\"El Kaminante\",\"@id\":\"https:\/\/elkaminante.com.uy\/#\/schema\/person\/3bef2e6076b30f7fb49c2ebfef68e158\"},\"headline\":\"R\u00edo Gallegos \u2013 Viaje al fin del mundo\",\"datePublished\":\"2016-01-08T14:19:35+00:00\",\"mainEntityOfPage\":{\"@id\":\"https:\/\/elkaminante.com.uy\/blog\/rio-gallegos-viaje-al-fin-del-mundo\/\"},\"wordCount\":1057,\"publisher\":{\"@id\":\"https:\/\/elkaminante.com.uy\/#organization\"},\"image\":{\"@id\":\"https:\/\/elkaminante.com.uy\/blog\/rio-gallegos-viaje-al-fin-del-mundo\/#primaryimage\"},\"thumbnailUrl\":\"https:\/\/elkaminante.com.uy\/wp-content\/uploads\/2019\/06\/portada-rio-gallegos.jpg\",\"articleSection\":[\"Novedades\"],\"inLanguage\":\"en-US\"},{\"@type\":\"WebPage\",\"@id\":\"https:\/\/elkaminante.com.uy\/blog\/rio-gallegos-viaje-al-fin-del-mundo\/\",\"url\":\"https:\/\/elkaminante.com.uy\/blog\/rio-gallegos-viaje-al-fin-del-mundo\/\",\"name\":\"R\u00edo Gallegos \u2013 Viaje al fin del mundo\",\"isPartOf\":{\"@id\":\"https:\/\/elkaminante.com.uy\/#website\"},\"primaryImageOfPage\":{\"@id\":\"https:\/\/elkaminante.com.uy\/blog\/rio-gallegos-viaje-al-fin-del-mundo\/#primaryimage\"},\"image\":{\"@id\":\"https:\/\/elkaminante.com.uy\/blog\/rio-gallegos-viaje-al-fin-del-mundo\/#primaryimage\"},\"thumbnailUrl\":\"https:\/\/elkaminante.com.uy\/wp-content\/uploads\/2019\/06\/portada-rio-gallegos.jpg\",\"datePublished\":\"2016-01-08T14:19:35+00:00\",\"breadcrumb\":{\"@id\":\"https:\/\/elkaminante.com.uy\/blog\/rio-gallegos-viaje-al-fin-del-mundo\/#breadcrumb\"},\"inLanguage\":\"en-US\",\"potentialAction\":[{\"@type\":\"ReadAction\",\"target\":[\"https:\/\/elkaminante.com.uy\/blog\/rio-gallegos-viaje-al-fin-del-mundo\/\"]}]},{\"@type\":\"ImageObject\",\"inLanguage\":\"en-US\",\"@id\":\"https:\/\/elkaminante.com.uy\/blog\/rio-gallegos-viaje-al-fin-del-mundo\/#primaryimage\",\"url\":\"https:\/\/elkaminante.com.uy\/wp-content\/uploads\/2019\/06\/portada-rio-gallegos.jpg\",\"contentUrl\":\"https:\/\/elkaminante.com.uy\/wp-content\/uploads\/2019\/06\/portada-rio-gallegos.jpg\",\"width\":1920,\"height\":434},{\"@type\":\"BreadcrumbList\",\"@id\":\"https:\/\/elkaminante.com.uy\/blog\/rio-gallegos-viaje-al-fin-del-mundo\/#breadcrumb\",\"itemListElement\":[{\"@type\":\"ListItem\",\"position\":1,\"name\":\"Inicio\",\"item\":\"https:\/\/elkaminante.com.uy\/en\/\"},{\"@type\":\"ListItem\",\"position\":2,\"name\":\"R\u00edo Gallegos \u2013 Viaje al fin del mundo\"}]},{\"@type\":\"WebSite\",\"@id\":\"https:\/\/elkaminante.com.uy\/#website\",\"url\":\"https:\/\/elkaminante.com.uy\/\",\"name\":\"El Kaminante\",\"description\":\"Viajes &amp; Turismo\",\"publisher\":{\"@id\":\"https:\/\/elkaminante.com.uy\/#organization\"},\"potentialAction\":[{\"@type\":\"SearchAction\",\"target\":{\"@type\":\"EntryPoint\",\"urlTemplate\":\"https:\/\/elkaminante.com.uy\/?s={search_term_string}\"},\"query-input\":{\"@type\":\"PropertyValueSpecification\",\"valueRequired\":true,\"valueName\":\"search_term_string\"}}],\"inLanguage\":\"en-US\"},{\"@type\":\"Organization\",\"@id\":\"https:\/\/elkaminante.com.uy\/#organization\",\"name\":\"El Kaminante\",\"url\":\"https:\/\/elkaminante.com.uy\/\",\"logo\":{\"@type\":\"ImageObject\",\"inLanguage\":\"en-US\",\"@id\":\"https:\/\/elkaminante.com.uy\/#\/schema\/logo\/image\/\",\"url\":\"https:\/\/elkaminante.com.uy\/wp-content\/uploads\/2025\/02\/logo-elkaminante-blanco.svg\",\"contentUrl\":\"https:\/\/elkaminante.com.uy\/wp-content\/uploads\/2025\/02\/logo-elkaminante-blanco.svg\",\"caption\":\"El Kaminante\"},\"image\":{\"@id\":\"https:\/\/elkaminante.com.uy\/#\/schema\/logo\/image\/\"}},{\"@type\":\"Person\",\"@id\":\"https:\/\/elkaminante.com.uy\/#\/schema\/person\/3bef2e6076b30f7fb49c2ebfef68e158\",\"name\":\"El Kaminante\",\"image\":{\"@type\":\"ImageObject\",\"inLanguage\":\"en-US\",\"@id\":\"https:\/\/secure.gravatar.com\/avatar\/e323e6b9b7e9228f473a6bf0248544fb5734b5446609827abc7d3805b450f589?s=96&d=mm&r=g\",\"url\":\"https:\/\/secure.gravatar.com\/avatar\/e323e6b9b7e9228f473a6bf0248544fb5734b5446609827abc7d3805b450f589?s=96&d=mm&r=g\",\"contentUrl\":\"https:\/\/secure.gravatar.com\/avatar\/e323e6b9b7e9228f473a6bf0248544fb5734b5446609827abc7d3805b450f589?s=96&d=mm&r=g\",\"caption\":\"El Kaminante\"},\"description\":\"Viajes &amp; Turismo\"}]}<\/script>\n<!-- \/ Yoast SEO plugin. -->","yoast_head_json":{"title":"R\u00edo Gallegos \u2013 Viaje al fin del mundo","robots":{"index":"index","follow":"follow","max-snippet":"max-snippet:-1","max-image-preview":"max-image-preview:large","max-video-preview":"max-video-preview:-1"},"canonical":"https:\/\/elkaminante.com.uy\/blog\/rio-gallegos-viaje-al-fin-del-mundo\/","og_locale":"en_US","og_type":"article","og_title":"R\u00edo Gallegos \u2013 Viaje al fin del mundo","og_description":"Luego de partir del Puerto de San Juli\u00e1n a la expedici\u00f3n desde la Bah\u00eda de San Juli\u00e1n a las islas Justicia y\u00a0Cormor\u00e1n, donde tendremos la oportunidad de poder presenciar la maravillosa fauna patag\u00f3nica, seguiremos con nuestro viaje Viaje al fin del mundo\u00a0hacia R\u00edo Gallegos, donde nos alojaremos. R\u00edo Gallegos es la capital de la provincia&hellip;","og_url":"https:\/\/elkaminante.com.uy\/blog\/rio-gallegos-viaje-al-fin-del-mundo\/","og_site_name":"El Kaminante","article_published_time":"2016-01-08T14:19:35+00:00","og_image":[{"width":1920,"height":434,"url":"https:\/\/elkaminante.com.uy\/wp-content\/uploads\/2019\/06\/portada-rio-gallegos.jpg","type":"image\/jpeg"}],"author":"El Kaminante","twitter_card":"summary_large_image","twitter_misc":{"Written by":"El Kaminante","Est. reading time":"5 minutes"},"schema":{"@context":"https:\/\/schema.org","@graph":[{"@type":"Article","@id":"https:\/\/elkaminante.com.uy\/blog\/rio-gallegos-viaje-al-fin-del-mundo\/#article","isPartOf":{"@id":"https:\/\/elkaminante.com.uy\/blog\/rio-gallegos-viaje-al-fin-del-mundo\/"},"author":{"name":"El Kaminante","@id":"https:\/\/elkaminante.com.uy\/#\/schema\/person\/3bef2e6076b30f7fb49c2ebfef68e158"},"headline":"R\u00edo Gallegos \u2013 Viaje al fin del mundo","datePublished":"2016-01-08T14:19:35+00:00","mainEntityOfPage":{"@id":"https:\/\/elkaminante.com.uy\/blog\/rio-gallegos-viaje-al-fin-del-mundo\/"},"wordCount":1057,"publisher":{"@id":"https:\/\/elkaminante.com.uy\/#organization"},"image":{"@id":"https:\/\/elkaminante.com.uy\/blog\/rio-gallegos-viaje-al-fin-del-mundo\/#primaryimage"},"thumbnailUrl":"https:\/\/elkaminante.com.uy\/wp-content\/uploads\/2019\/06\/portada-rio-gallegos.jpg","articleSection":["Novedades"],"inLanguage":"en-US"},{"@type":"WebPage","@id":"https:\/\/elkaminante.com.uy\/blog\/rio-gallegos-viaje-al-fin-del-mundo\/","url":"https:\/\/elkaminante.com.uy\/blog\/rio-gallegos-viaje-al-fin-del-mundo\/","name":"R\u00edo Gallegos \u2013 Viaje al fin del mundo","isPartOf":{"@id":"https:\/\/elkaminante.com.uy\/#website"},"primaryImageOfPage":{"@id":"https:\/\/elkaminante.com.uy\/blog\/rio-gallegos-viaje-al-fin-del-mundo\/#primaryimage"},"image":{"@id":"https:\/\/elkaminante.com.uy\/blog\/rio-gallegos-viaje-al-fin-del-mundo\/#primaryimage"},"thumbnailUrl":"https:\/\/elkaminante.com.uy\/wp-content\/uploads\/2019\/06\/portada-rio-gallegos.jpg","datePublished":"2016-01-08T14:19:35+00:00","breadcrumb":{"@id":"https:\/\/elkaminante.com.uy\/blog\/rio-gallegos-viaje-al-fin-del-mundo\/#breadcrumb"},"inLanguage":"en-US","potentialAction":[{"@type":"ReadAction","target":["https:\/\/elkaminante.com.uy\/blog\/rio-gallegos-viaje-al-fin-del-mundo\/"]}]},{"@type":"ImageObject","inLanguage":"en-US","@id":"https:\/\/elkaminante.com.uy\/blog\/rio-gallegos-viaje-al-fin-del-mundo\/#primaryimage","url":"https:\/\/elkaminante.com.uy\/wp-content\/uploads\/2019\/06\/portada-rio-gallegos.jpg","contentUrl":"https:\/\/elkaminante.com.uy\/wp-content\/uploads\/2019\/06\/portada-rio-gallegos.jpg","width":1920,"height":434},{"@type":"BreadcrumbList","@id":"https:\/\/elkaminante.com.uy\/blog\/rio-gallegos-viaje-al-fin-del-mundo\/#breadcrumb","itemListElement":[{"@type":"ListItem","position":1,"name":"Inicio","item":"https:\/\/elkaminante.com.uy\/en\/"},{"@type":"ListItem","position":2,"name":"R\u00edo Gallegos \u2013 Viaje al fin del mundo"}]},{"@type":"WebSite","@id":"https:\/\/elkaminante.com.uy\/#website","url":"https:\/\/elkaminante.com.uy\/","name":"El Kaminante","description":"Viajes &amp; Turismo","publisher":{"@id":"https:\/\/elkaminante.com.uy\/#organization"},"potentialAction":[{"@type":"SearchAction","target":{"@type":"EntryPoint","urlTemplate":"https:\/\/elkaminante.com.uy\/?s={search_term_string}"},"query-input":{"@type":"PropertyValueSpecification","valueRequired":true,"valueName":"search_term_string"}}],"inLanguage":"en-US"},{"@type":"Organization","@id":"https:\/\/elkaminante.com.uy\/#organization","name":"El Kaminante","url":"https:\/\/elkaminante.com.uy\/","logo":{"@type":"ImageObject","inLanguage":"en-US","@id":"https:\/\/elkaminante.com.uy\/#\/schema\/logo\/image\/","url":"https:\/\/elkaminante.com.uy\/wp-content\/uploads\/2025\/02\/logo-elkaminante-blanco.svg","contentUrl":"https:\/\/elkaminante.com.uy\/wp-content\/uploads\/2025\/02\/logo-elkaminante-blanco.svg","caption":"El Kaminante"},"image":{"@id":"https:\/\/elkaminante.com.uy\/#\/schema\/logo\/image\/"}},{"@type":"Person","@id":"https:\/\/elkaminante.com.uy\/#\/schema\/person\/3bef2e6076b30f7fb49c2ebfef68e158","name":"El Kaminante","image":{"@type":"ImageObject","inLanguage":"en-US","@id":"https:\/\/secure.gravatar.com\/avatar\/e323e6b9b7e9228f473a6bf0248544fb5734b5446609827abc7d3805b450f589?s=96&d=mm&r=g","url":"https:\/\/secure.gravatar.com\/avatar\/e323e6b9b7e9228f473a6bf0248544fb5734b5446609827abc7d3805b450f589?s=96&d=mm&r=g","contentUrl":"https:\/\/secure.gravatar.com\/avatar\/e323e6b9b7e9228f473a6bf0248544fb5734b5446609827abc7d3805b450f589?s=96&d=mm&r=g","caption":"El Kaminante"},"description":"Viajes &amp; Turismo"}]}},"_links":{"self":[{"href":"https:\/\/elkaminante.com.uy\/en\/wp-json\/wp\/v2\/posts\/1335","targetHints":{"allow":["GET"]}}],"collection":[{"href":"https:\/\/elkaminante.com.uy\/en\/wp-json\/wp\/v2\/posts"}],"about":[{"href":"https:\/\/elkaminante.com.uy\/en\/wp-json\/wp\/v2\/types\/post"}],"author":[{"embeddable":true,"href":"https:\/\/elkaminante.com.uy\/en\/wp-json\/wp\/v2\/users\/2"}],"replies":[{"embeddable":true,"href":"https:\/\/elkaminante.com.uy\/en\/wp-json\/wp\/v2\/comments?post=1335"}],"version-history":[{"count":0,"href":"https:\/\/elkaminante.com.uy\/en\/wp-json\/wp\/v2\/posts\/1335\/revisions"}],"wp:featuredmedia":[{"embeddable":true,"href":"https:\/\/elkaminante.com.uy\/en\/wp-json\/wp\/v2\/media\/4979"}],"wp:attachment":[{"href":"https:\/\/elkaminante.com.uy\/en\/wp-json\/wp\/v2\/media?parent=1335"}],"wp:term":[{"taxonomy":"category","embeddable":true,"href":"https:\/\/elkaminante.com.uy\/en\/wp-json\/wp\/v2\/categories?post=1335"},{"taxonomy":"post_tag","embeddable":true,"href":"https:\/\/elkaminante.com.uy\/en\/wp-json\/wp\/v2\/tags?post=1335"}],"curies":[{"name":"wp","href":"https:\/\/api.w.org\/{rel}","templated":true}]}}