{"id":1276,"date":"2015-11-10T18:10:49","date_gmt":"2015-11-10T20:10:49","guid":{"rendered":"http:\/\/www.elkaminante.com.uy\/?p=1276"},"modified":"2015-11-10T18:10:49","modified_gmt":"2015-11-10T20:10:49","slug":"puerto-madryn-viaje-al-fin-del-mundo","status":"publish","type":"post","link":"https:\/\/elkaminante.com.uy\/en\/blog\/puerto-madryn-viaje-al-fin-del-mundo\/","title":{"rendered":"Puerto Madryn &#8211; Viaje al fin del mundo"},"content":{"rendered":"<p>Comenzaremos&nbsp;nuestro <a href=\"http:\/\/www.elkaminante.com.uy\/tours_post\/viaje-al-fin-del-mundo\/#ad-image-0\">Viaje al fin del mundo<\/a>, partiendo de Montevideo el 04 de Marzo a las 7:00 hs. Viajaremos por rutas Argentinas hasta llegar a Puerto Madryn a primeras horas de la tarde del d\u00eda siguiente, donde recorreremos la ciudad y nos alojaremos.<\/p>\n<p><img loading=\"lazy\" decoding=\"async\" class=\"aligncenter wp-image-1278\" src=\"http:\/\/www.elkaminante.com.uy\/wp-content\/uploads\/2015\/11\/puerto-madryn02.jpg\" alt=\"puerto-madryn02\" width=\"627\" height=\"328\"><\/p>\n<p>Puerto Madryn, en gal\u00e9s Porth Madryn, es la capital del departamento de Biedma, emplazada frente al Mar Argentino en el Oc\u00e9ano Atl\u00e1ntico. Es considerada la puerta de entrada a la Pen\u00ednsula Vald\u00e9s, declarada en 1999 como Patrimonio Mundial de la Humanidad por la Unesco. Es uno de los centros de turismo m\u00e1s importantes de toda la regi\u00f3n y del pa\u00eds, considerada asimismo como la capital nacional del buceo.<\/p>\n<p>En invierno, se realizan excursiones para el avistamiento de ballenas francas, delfines, toninas overas, ping\u00fcinos, elefantes marinos y aves. Durante la temporada de verano, las playas son muy concurridas, en donde adem\u00e1s de ba\u00f1os de sol y agua se practican deportes n\u00e1uticos como kayak, canotaje, windsurf, kitesurf y motosky. Los golfos San Jos\u00e9 y Nuevo son visitados principalmente para realizar &#8220;bautismos submarinos&#8221;. Puerto posee aguas cristalinas y serenas, lo que permite una penetraci\u00f3n de luz hasta los 70 m de profundidad.<\/p>\n<p>Por el muelle Luis Piedrabuena, pasan cruceros que tienen como destino el sur de la Argentina y Chile. Tambi\u00e9n la ciudad cuenta con una terminal de \u00f3mnibus que recibe transportes terrestres de larga distancia que conectan a Puerto Madryn con el resto de la Argentina, y con el Aeropuerto El Tehuelche, que cuenta con varias frecuencias semanales desde varias ciudades Argentinas.<\/p>\n<p>La ciudad de Puerto Madryn cuenta con m\u00faltiples alojamientos y hoteles, de todas las categor\u00edas y con gran variedad de servicios, tanto como destino de relax como de convenciones de negocios. Cuenta con m\u00e1s de 75 hoteles desde 5 estrellas para abajo, destac\u00e1ndose el Rayentray Puerto Madryn Hotel. Los principales sitios de inter\u00e9s en la ciudad son el Museo municipal de Arte, el Museo provincial del Hombre y el Mar, el Ecocentro y el Museo del Desembarco.<\/p>\n<p><img loading=\"lazy\" decoding=\"async\" class=\"aligncenter wp-image-1279\" src=\"http:\/\/www.elkaminante.com.uy\/wp-content\/uploads\/2015\/11\/puerto-madryn01-1024x536.jpg\" alt=\"puerto-madryn01\" width=\"627\" height=\"328\"><\/p>\n<p>Entre los meses de junio y diciembre, la ciudad recibe a la ballena franca austral que regresa a la zona cada a\u00f1o para aparearse y procrear. Adem\u00e1s de cormor\u00e1nes, gaviotas cocinera, lobos marinos y ping\u00fcinos de Magallanes, que migran porque no toleran el fr\u00edo ant\u00e1rtico invernal.<\/p>\n<p>Desde el c\u00e9ntrico muelle Comandante Luis Piedrabuena, se pueden observar a simple vista delfines del tipo tonina overa, lobos marinos e incluso la ballena franca austral. En la cercan\u00edas de la ciudad tambi\u00e9n se pueden ver guanacos, choiques (\u00f1and\u00faes petisos patag\u00f3nicos), inmensa variedad de aves que habitan cerca de la costa, liebres patag\u00f3nicas tambi\u00e9n llamadas maras y martinetas, entre otras especies.<\/p>\n<p>Al tercer d\u00eda, continuaremos por la costa Atl\u00e1ntica con vistas y visitas a impresionantes acantilados hasta llegar a Caleta Olivia.<\/p>\n","protected":false},"excerpt":{"rendered":"<p>Comenzaremos&nbsp;nuestro Viaje al fin del mundo, partiendo de Montevideo el 04 de Marzo a las 7:00 hs. Viajaremos por rutas Argentinas hasta llegar a Puerto Madryn a primeras horas de la tarde del d\u00eda siguiente, donde recorreremos la ciudad y nos alojaremos. Puerto Madryn, en gal\u00e9s Porth Madryn, es la capital del departamento de Biedma,&hellip;<\/p>\n","protected":false},"author":2,"featured_media":4995,"comment_status":"closed","ping_status":"closed","sticky":false,"template":"","format":"standard","meta":{"_acf_changed":false,"inline_featured_image":false,"footnotes":""},"categories":[41],"tags":[],"class_list":["post-1276","post","type-post","status-publish","format-standard","has-post-thumbnail","hentry","category-viaje-al-fin-del-mundo","entry","has-media"],"acf":[],"yoast_head":"<!-- This site is optimized with the Yoast SEO plugin v27.2 - https:\/\/yoast.com\/product\/yoast-seo-wordpress\/ -->\n<title>Puerto Madryn - Viaje al fin del mundo<\/title>\n<meta name=\"robots\" content=\"index, follow, max-snippet:-1, max-image-preview:large, max-video-preview:-1\" \/>\n<link rel=\"canonical\" href=\"https:\/\/elkaminante.com.uy\/blog\/puerto-madryn-viaje-al-fin-del-mundo\/\" \/>\n<meta property=\"og:locale\" content=\"en_US\" \/>\n<meta property=\"og:type\" content=\"article\" \/>\n<meta property=\"og:title\" content=\"Puerto Madryn - Viaje al fin del mundo\" \/>\n<meta property=\"og:description\" content=\"Comenzaremos&nbsp;nuestro Viaje al fin del mundo, partiendo de Montevideo el 04 de Marzo a las 7:00 hs. Viajaremos por rutas Argentinas hasta llegar a Puerto Madryn a primeras horas de la tarde del d\u00eda siguiente, donde recorreremos la ciudad y nos alojaremos. Puerto Madryn, en gal\u00e9s Porth Madryn, es la capital del departamento de Biedma,&hellip;\" \/>\n<meta property=\"og:url\" content=\"https:\/\/elkaminante.com.uy\/blog\/puerto-madryn-viaje-al-fin-del-mundo\/\" \/>\n<meta property=\"og:site_name\" content=\"El Kaminante\" \/>\n<meta property=\"article:published_time\" content=\"2015-11-10T20:10:49+00:00\" \/>\n<meta property=\"og:image\" content=\"https:\/\/elkaminante.com.uy\/wp-content\/uploads\/2019\/06\/portadapuertopadryn.png\" \/>\n\t<meta property=\"og:image:width\" content=\"1920\" \/>\n\t<meta property=\"og:image:height\" content=\"434\" \/>\n\t<meta property=\"og:image:type\" content=\"image\/png\" \/>\n<meta name=\"author\" content=\"El Kaminante\" \/>\n<meta name=\"twitter:card\" content=\"summary_large_image\" \/>\n<meta name=\"twitter:label1\" content=\"Written by\" \/>\n\t<meta name=\"twitter:data1\" content=\"El Kaminante\" \/>\n\t<meta name=\"twitter:label2\" content=\"Est. reading time\" \/>\n\t<meta name=\"twitter:data2\" content=\"2 minutes\" \/>\n<script type=\"application\/ld+json\" class=\"yoast-schema-graph\">{\"@context\":\"https:\/\/schema.org\",\"@graph\":[{\"@type\":\"Article\",\"@id\":\"https:\/\/elkaminante.com.uy\/blog\/puerto-madryn-viaje-al-fin-del-mundo\/#article\",\"isPartOf\":{\"@id\":\"https:\/\/elkaminante.com.uy\/blog\/puerto-madryn-viaje-al-fin-del-mundo\/\"},\"author\":{\"name\":\"El Kaminante\",\"@id\":\"https:\/\/elkaminante.com.uy\/#\/schema\/person\/3bef2e6076b30f7fb49c2ebfef68e158\"},\"headline\":\"Puerto Madryn &#8211; Viaje al fin del mundo\",\"datePublished\":\"2015-11-10T20:10:49+00:00\",\"mainEntityOfPage\":{\"@id\":\"https:\/\/elkaminante.com.uy\/blog\/puerto-madryn-viaje-al-fin-del-mundo\/\"},\"wordCount\":495,\"publisher\":{\"@id\":\"https:\/\/elkaminante.com.uy\/#organization\"},\"image\":{\"@id\":\"https:\/\/elkaminante.com.uy\/blog\/puerto-madryn-viaje-al-fin-del-mundo\/#primaryimage\"},\"thumbnailUrl\":\"https:\/\/elkaminante.com.uy\/wp-content\/uploads\/2019\/06\/portadapuertopadryn.png\",\"articleSection\":[\"Viaje al fin del mundo\"],\"inLanguage\":\"en-US\"},{\"@type\":\"WebPage\",\"@id\":\"https:\/\/elkaminante.com.uy\/blog\/puerto-madryn-viaje-al-fin-del-mundo\/\",\"url\":\"https:\/\/elkaminante.com.uy\/blog\/puerto-madryn-viaje-al-fin-del-mundo\/\",\"name\":\"Puerto Madryn - Viaje al fin del mundo\",\"isPartOf\":{\"@id\":\"https:\/\/elkaminante.com.uy\/#website\"},\"primaryImageOfPage\":{\"@id\":\"https:\/\/elkaminante.com.uy\/blog\/puerto-madryn-viaje-al-fin-del-mundo\/#primaryimage\"},\"image\":{\"@id\":\"https:\/\/elkaminante.com.uy\/blog\/puerto-madryn-viaje-al-fin-del-mundo\/#primaryimage\"},\"thumbnailUrl\":\"https:\/\/elkaminante.com.uy\/wp-content\/uploads\/2019\/06\/portadapuertopadryn.png\",\"datePublished\":\"2015-11-10T20:10:49+00:00\",\"breadcrumb\":{\"@id\":\"https:\/\/elkaminante.com.uy\/blog\/puerto-madryn-viaje-al-fin-del-mundo\/#breadcrumb\"},\"inLanguage\":\"en-US\",\"potentialAction\":[{\"@type\":\"ReadAction\",\"target\":[\"https:\/\/elkaminante.com.uy\/blog\/puerto-madryn-viaje-al-fin-del-mundo\/\"]}]},{\"@type\":\"ImageObject\",\"inLanguage\":\"en-US\",\"@id\":\"https:\/\/elkaminante.com.uy\/blog\/puerto-madryn-viaje-al-fin-del-mundo\/#primaryimage\",\"url\":\"https:\/\/elkaminante.com.uy\/wp-content\/uploads\/2019\/06\/portadapuertopadryn.png\",\"contentUrl\":\"https:\/\/elkaminante.com.uy\/wp-content\/uploads\/2019\/06\/portadapuertopadryn.png\",\"width\":1920,\"height\":434},{\"@type\":\"BreadcrumbList\",\"@id\":\"https:\/\/elkaminante.com.uy\/blog\/puerto-madryn-viaje-al-fin-del-mundo\/#breadcrumb\",\"itemListElement\":[{\"@type\":\"ListItem\",\"position\":1,\"name\":\"Inicio\",\"item\":\"https:\/\/elkaminante.com.uy\/en\/\"},{\"@type\":\"ListItem\",\"position\":2,\"name\":\"Puerto Madryn &#8211; Viaje al fin del mundo\"}]},{\"@type\":\"WebSite\",\"@id\":\"https:\/\/elkaminante.com.uy\/#website\",\"url\":\"https:\/\/elkaminante.com.uy\/\",\"name\":\"El Kaminante\",\"description\":\"Viajes &amp; Turismo\",\"publisher\":{\"@id\":\"https:\/\/elkaminante.com.uy\/#organization\"},\"potentialAction\":[{\"@type\":\"SearchAction\",\"target\":{\"@type\":\"EntryPoint\",\"urlTemplate\":\"https:\/\/elkaminante.com.uy\/?s={search_term_string}\"},\"query-input\":{\"@type\":\"PropertyValueSpecification\",\"valueRequired\":true,\"valueName\":\"search_term_string\"}}],\"inLanguage\":\"en-US\"},{\"@type\":\"Organization\",\"@id\":\"https:\/\/elkaminante.com.uy\/#organization\",\"name\":\"El Kaminante\",\"url\":\"https:\/\/elkaminante.com.uy\/\",\"logo\":{\"@type\":\"ImageObject\",\"inLanguage\":\"en-US\",\"@id\":\"https:\/\/elkaminante.com.uy\/#\/schema\/logo\/image\/\",\"url\":\"https:\/\/elkaminante.com.uy\/wp-content\/uploads\/2025\/02\/logo-elkaminante-blanco.svg\",\"contentUrl\":\"https:\/\/elkaminante.com.uy\/wp-content\/uploads\/2025\/02\/logo-elkaminante-blanco.svg\",\"caption\":\"El Kaminante\"},\"image\":{\"@id\":\"https:\/\/elkaminante.com.uy\/#\/schema\/logo\/image\/\"}},{\"@type\":\"Person\",\"@id\":\"https:\/\/elkaminante.com.uy\/#\/schema\/person\/3bef2e6076b30f7fb49c2ebfef68e158\",\"name\":\"El Kaminante\",\"image\":{\"@type\":\"ImageObject\",\"inLanguage\":\"en-US\",\"@id\":\"https:\/\/secure.gravatar.com\/avatar\/e323e6b9b7e9228f473a6bf0248544fb5734b5446609827abc7d3805b450f589?s=96&d=mm&r=g\",\"url\":\"https:\/\/secure.gravatar.com\/avatar\/e323e6b9b7e9228f473a6bf0248544fb5734b5446609827abc7d3805b450f589?s=96&d=mm&r=g\",\"contentUrl\":\"https:\/\/secure.gravatar.com\/avatar\/e323e6b9b7e9228f473a6bf0248544fb5734b5446609827abc7d3805b450f589?s=96&d=mm&r=g\",\"caption\":\"El Kaminante\"},\"description\":\"Viajes &amp; Turismo\"}]}<\/script>\n<!-- \/ Yoast SEO plugin. -->","yoast_head_json":{"title":"Puerto Madryn - Viaje al fin del mundo","robots":{"index":"index","follow":"follow","max-snippet":"max-snippet:-1","max-image-preview":"max-image-preview:large","max-video-preview":"max-video-preview:-1"},"canonical":"https:\/\/elkaminante.com.uy\/blog\/puerto-madryn-viaje-al-fin-del-mundo\/","og_locale":"en_US","og_type":"article","og_title":"Puerto Madryn - Viaje al fin del mundo","og_description":"Comenzaremos&nbsp;nuestro Viaje al fin del mundo, partiendo de Montevideo el 04 de Marzo a las 7:00 hs. Viajaremos por rutas Argentinas hasta llegar a Puerto Madryn a primeras horas de la tarde del d\u00eda siguiente, donde recorreremos la ciudad y nos alojaremos. Puerto Madryn, en gal\u00e9s Porth Madryn, es la capital del departamento de Biedma,&hellip;","og_url":"https:\/\/elkaminante.com.uy\/blog\/puerto-madryn-viaje-al-fin-del-mundo\/","og_site_name":"El Kaminante","article_published_time":"2015-11-10T20:10:49+00:00","og_image":[{"width":1920,"height":434,"url":"https:\/\/elkaminante.com.uy\/wp-content\/uploads\/2019\/06\/portadapuertopadryn.png","type":"image\/png"}],"author":"El Kaminante","twitter_card":"summary_large_image","twitter_misc":{"Written by":"El Kaminante","Est. reading time":"2 minutes"},"schema":{"@context":"https:\/\/schema.org","@graph":[{"@type":"Article","@id":"https:\/\/elkaminante.com.uy\/blog\/puerto-madryn-viaje-al-fin-del-mundo\/#article","isPartOf":{"@id":"https:\/\/elkaminante.com.uy\/blog\/puerto-madryn-viaje-al-fin-del-mundo\/"},"author":{"name":"El Kaminante","@id":"https:\/\/elkaminante.com.uy\/#\/schema\/person\/3bef2e6076b30f7fb49c2ebfef68e158"},"headline":"Puerto Madryn &#8211; Viaje al fin del mundo","datePublished":"2015-11-10T20:10:49+00:00","mainEntityOfPage":{"@id":"https:\/\/elkaminante.com.uy\/blog\/puerto-madryn-viaje-al-fin-del-mundo\/"},"wordCount":495,"publisher":{"@id":"https:\/\/elkaminante.com.uy\/#organization"},"image":{"@id":"https:\/\/elkaminante.com.uy\/blog\/puerto-madryn-viaje-al-fin-del-mundo\/#primaryimage"},"thumbnailUrl":"https:\/\/elkaminante.com.uy\/wp-content\/uploads\/2019\/06\/portadapuertopadryn.png","articleSection":["Viaje al fin del mundo"],"inLanguage":"en-US"},{"@type":"WebPage","@id":"https:\/\/elkaminante.com.uy\/blog\/puerto-madryn-viaje-al-fin-del-mundo\/","url":"https:\/\/elkaminante.com.uy\/blog\/puerto-madryn-viaje-al-fin-del-mundo\/","name":"Puerto Madryn - Viaje al fin del mundo","isPartOf":{"@id":"https:\/\/elkaminante.com.uy\/#website"},"primaryImageOfPage":{"@id":"https:\/\/elkaminante.com.uy\/blog\/puerto-madryn-viaje-al-fin-del-mundo\/#primaryimage"},"image":{"@id":"https:\/\/elkaminante.com.uy\/blog\/puerto-madryn-viaje-al-fin-del-mundo\/#primaryimage"},"thumbnailUrl":"https:\/\/elkaminante.com.uy\/wp-content\/uploads\/2019\/06\/portadapuertopadryn.png","datePublished":"2015-11-10T20:10:49+00:00","breadcrumb":{"@id":"https:\/\/elkaminante.com.uy\/blog\/puerto-madryn-viaje-al-fin-del-mundo\/#breadcrumb"},"inLanguage":"en-US","potentialAction":[{"@type":"ReadAction","target":["https:\/\/elkaminante.com.uy\/blog\/puerto-madryn-viaje-al-fin-del-mundo\/"]}]},{"@type":"ImageObject","inLanguage":"en-US","@id":"https:\/\/elkaminante.com.uy\/blog\/puerto-madryn-viaje-al-fin-del-mundo\/#primaryimage","url":"https:\/\/elkaminante.com.uy\/wp-content\/uploads\/2019\/06\/portadapuertopadryn.png","contentUrl":"https:\/\/elkaminante.com.uy\/wp-content\/uploads\/2019\/06\/portadapuertopadryn.png","width":1920,"height":434},{"@type":"BreadcrumbList","@id":"https:\/\/elkaminante.com.uy\/blog\/puerto-madryn-viaje-al-fin-del-mundo\/#breadcrumb","itemListElement":[{"@type":"ListItem","position":1,"name":"Inicio","item":"https:\/\/elkaminante.com.uy\/en\/"},{"@type":"ListItem","position":2,"name":"Puerto Madryn &#8211; Viaje al fin del mundo"}]},{"@type":"WebSite","@id":"https:\/\/elkaminante.com.uy\/#website","url":"https:\/\/elkaminante.com.uy\/","name":"El Kaminante","description":"Viajes &amp; Turismo","publisher":{"@id":"https:\/\/elkaminante.com.uy\/#organization"},"potentialAction":[{"@type":"SearchAction","target":{"@type":"EntryPoint","urlTemplate":"https:\/\/elkaminante.com.uy\/?s={search_term_string}"},"query-input":{"@type":"PropertyValueSpecification","valueRequired":true,"valueName":"search_term_string"}}],"inLanguage":"en-US"},{"@type":"Organization","@id":"https:\/\/elkaminante.com.uy\/#organization","name":"El Kaminante","url":"https:\/\/elkaminante.com.uy\/","logo":{"@type":"ImageObject","inLanguage":"en-US","@id":"https:\/\/elkaminante.com.uy\/#\/schema\/logo\/image\/","url":"https:\/\/elkaminante.com.uy\/wp-content\/uploads\/2025\/02\/logo-elkaminante-blanco.svg","contentUrl":"https:\/\/elkaminante.com.uy\/wp-content\/uploads\/2025\/02\/logo-elkaminante-blanco.svg","caption":"El Kaminante"},"image":{"@id":"https:\/\/elkaminante.com.uy\/#\/schema\/logo\/image\/"}},{"@type":"Person","@id":"https:\/\/elkaminante.com.uy\/#\/schema\/person\/3bef2e6076b30f7fb49c2ebfef68e158","name":"El Kaminante","image":{"@type":"ImageObject","inLanguage":"en-US","@id":"https:\/\/secure.gravatar.com\/avatar\/e323e6b9b7e9228f473a6bf0248544fb5734b5446609827abc7d3805b450f589?s=96&d=mm&r=g","url":"https:\/\/secure.gravatar.com\/avatar\/e323e6b9b7e9228f473a6bf0248544fb5734b5446609827abc7d3805b450f589?s=96&d=mm&r=g","contentUrl":"https:\/\/secure.gravatar.com\/avatar\/e323e6b9b7e9228f473a6bf0248544fb5734b5446609827abc7d3805b450f589?s=96&d=mm&r=g","caption":"El Kaminante"},"description":"Viajes &amp; Turismo"}]}},"_links":{"self":[{"href":"https:\/\/elkaminante.com.uy\/en\/wp-json\/wp\/v2\/posts\/1276","targetHints":{"allow":["GET"]}}],"collection":[{"href":"https:\/\/elkaminante.com.uy\/en\/wp-json\/wp\/v2\/posts"}],"about":[{"href":"https:\/\/elkaminante.com.uy\/en\/wp-json\/wp\/v2\/types\/post"}],"author":[{"embeddable":true,"href":"https:\/\/elkaminante.com.uy\/en\/wp-json\/wp\/v2\/users\/2"}],"replies":[{"embeddable":true,"href":"https:\/\/elkaminante.com.uy\/en\/wp-json\/wp\/v2\/comments?post=1276"}],"version-history":[{"count":0,"href":"https:\/\/elkaminante.com.uy\/en\/wp-json\/wp\/v2\/posts\/1276\/revisions"}],"wp:featuredmedia":[{"embeddable":true,"href":"https:\/\/elkaminante.com.uy\/en\/wp-json\/wp\/v2\/media\/4995"}],"wp:attachment":[{"href":"https:\/\/elkaminante.com.uy\/en\/wp-json\/wp\/v2\/media?parent=1276"}],"wp:term":[{"taxonomy":"category","embeddable":true,"href":"https:\/\/elkaminante.com.uy\/en\/wp-json\/wp\/v2\/categories?post=1276"},{"taxonomy":"post_tag","embeddable":true,"href":"https:\/\/elkaminante.com.uy\/en\/wp-json\/wp\/v2\/tags?post=1276"}],"curies":[{"name":"wp","href":"https:\/\/api.w.org\/{rel}","templated":true}]}}