{"id":1219,"date":"2015-08-04T14:20:00","date_gmt":"2015-08-04T16:20:00","guid":{"rendered":"http:\/\/www.elkaminante.com.uy\/?p=1219"},"modified":"2015-08-04T14:20:00","modified_gmt":"2015-08-04T16:20:00","slug":"salta-noroeste-argentino","status":"publish","type":"post","link":"https:\/\/elkaminante.com.uy\/en\/blog\/salta-noroeste-argentino\/","title":{"rendered":"Salta &#8211; Noroeste Argentino"},"content":{"rendered":"<p>Dejamos a Cafayate atr\u00e1s para continuar nuestra Expedici\u00f3n al noroeste argentino y llegamos a la ciudad de Salta, donde nos alojaremos tres noches.<\/p>\n<p><img loading=\"lazy\" decoding=\"async\" class=\"aligncenter size-full wp-image-1222\" src=\"http:\/\/www.elkaminante.com.uy\/wp-content\/uploads\/2015\/08\/salta01-low.jpg\" alt=\"salta01-low\" width=\"700\" height=\"366\"><\/p>\n<p>En nuestro primer d\u00eda, tendremos un tour por esta hermosa ciudad y disfrutaremos de la Pe\u00f1a Salte\u00f1a. En el segundo d\u00eda, ascenderemos por la Cuesta del Obispo y por la recta Tin Tin. Cruzaremos el Parque Nacional Los Cardones, que ampara especies tales como la vicu\u00f1a, taruca o huemul del norte y alcanzaremos las nacientes de los Valles Calchaqu\u00edes. Llegamos a Cachi, un pueblito envuelto por serran\u00edas de todos los colores y el r\u00edo Calchaqu\u00ed. El Nevado de Cachi o &#8220;Blanco Pe\u00f1\u00f3n de la Soledad&#8221;, cumbre siempre blanca que en uno de sus puntos alcanza los 6720 metros, otorga un marco especial al poblado que re\u00fane a unos 6000 habitantes en todo el departamento. Luego de un d\u00eda de recorrido, volvemos a la ciudad de Salta.<\/p>\n<p>El nombre de la ciudad de Salta procede del nombre de la tribu ind\u00edgena de los Salta, que habitaban all\u00ed cuando el espa\u00f1ol Hernando de Lerma fund\u00f3 la ciudad en 1582 y que originalmente llam\u00f3 Ciudad de San Felipe y Santiago del Lerma en el valle de Salta, provincia de Tucum\u00e1n.<\/p>\n<p>Luego de la primera guerra Calchaqu\u00ed, en marzo de 1576, el virrey del Per\u00fa, ten\u00eda el objetivo de llevar a cabo su idea de que las provincias estuvieran conectadas de tal forma que se pudieran cuidar la una de la otra de levantamientos de tribus ind\u00edgenas. Otras dos causas convencieron al virrey de la necesidad de fundar la ciudad de Salta. La primera de ellas era mitigar la fuerte resistencia que la tribu de los indios chiriguanos opon\u00eda al avance espa\u00f1ol desde el este de la nueva ciudad. La segunda causa fue la de crear un centro poblacional que fuera escala en las comunicaciones entre la ciudad de Lima, la capital virreinal, y la lejana Buenos Aires, ciudad cuya segunda fundaci\u00f3n hab\u00edan llevado a cabo los espa\u00f1oles en 1580 como entrada preferencial hacia el interior virreinal desde el Oc\u00e9ano Atl\u00e1ntico.<\/p>\n<p>En la ciudad, se pueden admirar los panoramas de los corredores urbanos de la calle Caseros hacia la Iglesia de San Francisco y el Convento de San Bernardo, el de la calle San Juan, hacia la Iglesia La Vi\u00f1a, y otros, donde la escala humana se mantiene y las vistas a los cerros, el cielo y el sol participan del paisaje urbano. La ciudad conserva a\u00fan la estructura original del Cabildo, y los vestigios de la historia transcurrida en sus muros. La Catedral Bas\u00edlica de Salta, iniciada en 1858, es considerada uno de los templos m\u00e1s bellos de la Argentina. Cada septiembre, la Catedral salte\u00f1a recibe a miles de los devotos del Se\u00f1or y la Virgen del Milagro, patronos de Salta, a quienes una conmovedora historia les atribuye el prodigio de haber detenido los terremotos que asolaron la ciudad en 1693. All\u00ed el Pante\u00f3n de las Glorias del Norte guarda los restos del General Mart\u00edn Miguel de G\u00fcemes, entre otros pr\u00f3ceres nacionales.<\/p>\n<p><a href=\"http:\/\/www.elkaminante.com.uy\/wp-content\/uploads\/2015\/08\/salta02-low.jpg\"><img loading=\"lazy\" decoding=\"async\" class=\"aligncenter size-full wp-image-1223\" src=\"http:\/\/www.elkaminante.com.uy\/wp-content\/uploads\/2015\/08\/salta02-low.jpg\" alt=\"salta02-low\" width=\"700\" height=\"366\"><\/a><\/p>\n<p>Otro de los m\u00e1s destacados exponentes del patrimonio arquitect\u00f3nico e hist\u00f3rico de la ciudad es, sin duda, la Iglesia y Convento de San Francisco, la torre que acompa\u00f1a al templo es una de las m\u00e1s altas de Sudam\u00e9rica, con 53 metros de altura. La localidad fue fundada en 1840 por Manuel Fernando de Arambur\u00fa, Coronel del Ej\u00e9rcito Real, quien ejecut\u00f3 la voluntad de su madre de ofrecer un santuario en el lugar a la Virgen del Rosario. Luego aumentar\u00eda su importancia y se separar\u00eda definitivamente de San Carlos al crearse el departamento en 1863.<\/p>\n<p>Las pe\u00f1as de Salta son un imperdible. En una noche se pueden probar los platos t\u00edpicos \u2013a base de ma\u00edz, condimentados con pimientos de los valles, carne de vaca y cordero- y conocer la cultura musical de buena parte del noroeste argentino. El clima es alegre y amable. Las cenas se acompa\u00f1an con espect\u00e1culos en vivo con la presentaci\u00f3n de m\u00fasicos y bailarines.<\/p>\n<p>Cuna de grandes compositores, Salta es un importante polo musical del pa\u00eds. En la zona de la antigua estaci\u00f3n de trenes, en la calle Balcarce, se concentra buena parte de la oferta tur\u00edstica de pe\u00f1as, junto a restaurantes y pubs. Aqu\u00ed se privilegia brindar espect\u00e1culos t\u00edpicos. Pero tambi\u00e9n hay otras pe\u00f1as destacadas, m\u00e1s frecuentadas por los locales, en los alrededores de la ciudad. Aqu\u00ed se observa la b\u00fasqueda de una nueva est\u00e9tica musical.<\/p>\n<p>En todos los casos, primero se oye el rasguido de una guitarra, el repicar de un bombo. Luego la voz clara, potente, del cantor popular, las palmas de los bailarines y del p\u00fablico que acompa\u00f1an los inicios y los intermedios de cada pieza, el taconeo de las botas de los gauchos durante el zapateo. La mirada se pierde entre el ir y venir de los bailarines, entre los pa\u00f1uelos que se agitan con gracia por encima de las cabezas. Animarse a ensayar algunos pasos de baile, acompa\u00f1ar la velada con platos regionales y excelentes vinos salte\u00f1os, liberar la risa y aguardar, sin apuro, al amanecer, son los condimentos que hacen de las noches salte\u00f1as una propuesta tan alegre como seductora.<\/p>\n<p>Al despertar del tercer d\u00eda, nos dirigimos a Iruya y le decimos hasta luego a la ciudad de Salta.<\/p>\n<p>&nbsp;<\/p>\n[su_button url=&#8221;http:\/\/www.elkaminante.com.uy\/tours_post\/noroeste-argentino\/&#8221; size=&#8221;4&#8243; center=&#8221;yes&#8221; icon=&#8221;icon: chevron-right&#8221;]M\u00e1s info y reservas online aqu\u00ed[\/su_button]\n<p>&nbsp;<\/p>\n","protected":false},"excerpt":{"rendered":"<p>Dejamos a Cafayate atr\u00e1s para continuar nuestra Expedici\u00f3n al noroeste argentino y llegamos a la ciudad de Salta, donde nos alojaremos tres noches. En nuestro primer d\u00eda, tendremos un tour por esta hermosa ciudad y disfrutaremos de la Pe\u00f1a Salte\u00f1a. En el segundo d\u00eda, ascenderemos por la Cuesta del Obispo y por la recta Tin&hellip;<\/p>\n","protected":false},"author":2,"featured_media":5003,"comment_status":"closed","ping_status":"closed","sticky":false,"template":"","format":"standard","meta":{"_acf_changed":false,"inline_featured_image":false,"footnotes":""},"categories":[40],"tags":[],"class_list":["post-1219","post","type-post","status-publish","format-standard","has-post-thumbnail","hentry","category-noroeste-argentino","entry","has-media"],"acf":[],"yoast_head":"<!-- This site is optimized with the Yoast SEO plugin v27.2 - https:\/\/yoast.com\/product\/yoast-seo-wordpress\/ -->\n<title>Salta - Noroeste Argentino<\/title>\n<meta name=\"robots\" content=\"index, follow, max-snippet:-1, max-image-preview:large, max-video-preview:-1\" \/>\n<link rel=\"canonical\" href=\"https:\/\/elkaminante.com.uy\/blog\/salta-noroeste-argentino\/\" \/>\n<meta property=\"og:locale\" content=\"en_US\" \/>\n<meta property=\"og:type\" content=\"article\" \/>\n<meta property=\"og:title\" content=\"Salta - Noroeste Argentino\" \/>\n<meta property=\"og:description\" content=\"Dejamos a Cafayate atr\u00e1s para continuar nuestra Expedici\u00f3n al noroeste argentino y llegamos a la ciudad de Salta, donde nos alojaremos tres noches. En nuestro primer d\u00eda, tendremos un tour por esta hermosa ciudad y disfrutaremos de la Pe\u00f1a Salte\u00f1a. En el segundo d\u00eda, ascenderemos por la Cuesta del Obispo y por la recta Tin&hellip;\" \/>\n<meta property=\"og:url\" content=\"https:\/\/elkaminante.com.uy\/blog\/salta-noroeste-argentino\/\" \/>\n<meta property=\"og:site_name\" content=\"El Kaminante\" \/>\n<meta property=\"article:published_time\" content=\"2015-08-04T16:20:00+00:00\" \/>\n<meta property=\"og:image\" content=\"https:\/\/elkaminante.com.uy\/wp-content\/uploads\/2019\/06\/portadasalta.png\" \/>\n\t<meta property=\"og:image:width\" content=\"1920\" \/>\n\t<meta property=\"og:image:height\" content=\"434\" \/>\n\t<meta property=\"og:image:type\" content=\"image\/png\" \/>\n<meta name=\"author\" content=\"El Kaminante\" \/>\n<meta name=\"twitter:card\" content=\"summary_large_image\" \/>\n<meta name=\"twitter:label1\" content=\"Written by\" \/>\n\t<meta name=\"twitter:data1\" content=\"El Kaminante\" \/>\n\t<meta name=\"twitter:label2\" content=\"Est. reading time\" \/>\n\t<meta name=\"twitter:data2\" content=\"5 minutes\" \/>\n<script type=\"application\/ld+json\" class=\"yoast-schema-graph\">{\"@context\":\"https:\/\/schema.org\",\"@graph\":[{\"@type\":\"Article\",\"@id\":\"https:\/\/elkaminante.com.uy\/blog\/salta-noroeste-argentino\/#article\",\"isPartOf\":{\"@id\":\"https:\/\/elkaminante.com.uy\/blog\/salta-noroeste-argentino\/\"},\"author\":{\"name\":\"El Kaminante\",\"@id\":\"https:\/\/elkaminante.com.uy\/#\/schema\/person\/3bef2e6076b30f7fb49c2ebfef68e158\"},\"headline\":\"Salta &#8211; Noroeste Argentino\",\"datePublished\":\"2015-08-04T16:20:00+00:00\",\"mainEntityOfPage\":{\"@id\":\"https:\/\/elkaminante.com.uy\/blog\/salta-noroeste-argentino\/\"},\"wordCount\":962,\"publisher\":{\"@id\":\"https:\/\/elkaminante.com.uy\/#organization\"},\"image\":{\"@id\":\"https:\/\/elkaminante.com.uy\/blog\/salta-noroeste-argentino\/#primaryimage\"},\"thumbnailUrl\":\"https:\/\/elkaminante.com.uy\/wp-content\/uploads\/2019\/06\/portadasalta.png\",\"articleSection\":[\"Noroeste Argentino\"],\"inLanguage\":\"en-US\"},{\"@type\":\"WebPage\",\"@id\":\"https:\/\/elkaminante.com.uy\/blog\/salta-noroeste-argentino\/\",\"url\":\"https:\/\/elkaminante.com.uy\/blog\/salta-noroeste-argentino\/\",\"name\":\"Salta - Noroeste Argentino\",\"isPartOf\":{\"@id\":\"https:\/\/elkaminante.com.uy\/#website\"},\"primaryImageOfPage\":{\"@id\":\"https:\/\/elkaminante.com.uy\/blog\/salta-noroeste-argentino\/#primaryimage\"},\"image\":{\"@id\":\"https:\/\/elkaminante.com.uy\/blog\/salta-noroeste-argentino\/#primaryimage\"},\"thumbnailUrl\":\"https:\/\/elkaminante.com.uy\/wp-content\/uploads\/2019\/06\/portadasalta.png\",\"datePublished\":\"2015-08-04T16:20:00+00:00\",\"breadcrumb\":{\"@id\":\"https:\/\/elkaminante.com.uy\/blog\/salta-noroeste-argentino\/#breadcrumb\"},\"inLanguage\":\"en-US\",\"potentialAction\":[{\"@type\":\"ReadAction\",\"target\":[\"https:\/\/elkaminante.com.uy\/blog\/salta-noroeste-argentino\/\"]}]},{\"@type\":\"ImageObject\",\"inLanguage\":\"en-US\",\"@id\":\"https:\/\/elkaminante.com.uy\/blog\/salta-noroeste-argentino\/#primaryimage\",\"url\":\"https:\/\/elkaminante.com.uy\/wp-content\/uploads\/2019\/06\/portadasalta.png\",\"contentUrl\":\"https:\/\/elkaminante.com.uy\/wp-content\/uploads\/2019\/06\/portadasalta.png\",\"width\":1920,\"height\":434},{\"@type\":\"BreadcrumbList\",\"@id\":\"https:\/\/elkaminante.com.uy\/blog\/salta-noroeste-argentino\/#breadcrumb\",\"itemListElement\":[{\"@type\":\"ListItem\",\"position\":1,\"name\":\"Inicio\",\"item\":\"https:\/\/elkaminante.com.uy\/en\/\"},{\"@type\":\"ListItem\",\"position\":2,\"name\":\"Salta &#8211; Noroeste Argentino\"}]},{\"@type\":\"WebSite\",\"@id\":\"https:\/\/elkaminante.com.uy\/#website\",\"url\":\"https:\/\/elkaminante.com.uy\/\",\"name\":\"El Kaminante\",\"description\":\"Viajes &amp; Turismo\",\"publisher\":{\"@id\":\"https:\/\/elkaminante.com.uy\/#organization\"},\"potentialAction\":[{\"@type\":\"SearchAction\",\"target\":{\"@type\":\"EntryPoint\",\"urlTemplate\":\"https:\/\/elkaminante.com.uy\/?s={search_term_string}\"},\"query-input\":{\"@type\":\"PropertyValueSpecification\",\"valueRequired\":true,\"valueName\":\"search_term_string\"}}],\"inLanguage\":\"en-US\"},{\"@type\":\"Organization\",\"@id\":\"https:\/\/elkaminante.com.uy\/#organization\",\"name\":\"El Kaminante\",\"url\":\"https:\/\/elkaminante.com.uy\/\",\"logo\":{\"@type\":\"ImageObject\",\"inLanguage\":\"en-US\",\"@id\":\"https:\/\/elkaminante.com.uy\/#\/schema\/logo\/image\/\",\"url\":\"https:\/\/elkaminante.com.uy\/wp-content\/uploads\/2025\/02\/logo-elkaminante-blanco.svg\",\"contentUrl\":\"https:\/\/elkaminante.com.uy\/wp-content\/uploads\/2025\/02\/logo-elkaminante-blanco.svg\",\"caption\":\"El Kaminante\"},\"image\":{\"@id\":\"https:\/\/elkaminante.com.uy\/#\/schema\/logo\/image\/\"}},{\"@type\":\"Person\",\"@id\":\"https:\/\/elkaminante.com.uy\/#\/schema\/person\/3bef2e6076b30f7fb49c2ebfef68e158\",\"name\":\"El Kaminante\",\"image\":{\"@type\":\"ImageObject\",\"inLanguage\":\"en-US\",\"@id\":\"https:\/\/secure.gravatar.com\/avatar\/e323e6b9b7e9228f473a6bf0248544fb5734b5446609827abc7d3805b450f589?s=96&d=mm&r=g\",\"url\":\"https:\/\/secure.gravatar.com\/avatar\/e323e6b9b7e9228f473a6bf0248544fb5734b5446609827abc7d3805b450f589?s=96&d=mm&r=g\",\"contentUrl\":\"https:\/\/secure.gravatar.com\/avatar\/e323e6b9b7e9228f473a6bf0248544fb5734b5446609827abc7d3805b450f589?s=96&d=mm&r=g\",\"caption\":\"El Kaminante\"},\"description\":\"Viajes &amp; Turismo\"}]}<\/script>\n<!-- \/ Yoast SEO plugin. -->","yoast_head_json":{"title":"Salta - Noroeste Argentino","robots":{"index":"index","follow":"follow","max-snippet":"max-snippet:-1","max-image-preview":"max-image-preview:large","max-video-preview":"max-video-preview:-1"},"canonical":"https:\/\/elkaminante.com.uy\/blog\/salta-noroeste-argentino\/","og_locale":"en_US","og_type":"article","og_title":"Salta - Noroeste Argentino","og_description":"Dejamos a Cafayate atr\u00e1s para continuar nuestra Expedici\u00f3n al noroeste argentino y llegamos a la ciudad de Salta, donde nos alojaremos tres noches. En nuestro primer d\u00eda, tendremos un tour por esta hermosa ciudad y disfrutaremos de la Pe\u00f1a Salte\u00f1a. En el segundo d\u00eda, ascenderemos por la Cuesta del Obispo y por la recta Tin&hellip;","og_url":"https:\/\/elkaminante.com.uy\/blog\/salta-noroeste-argentino\/","og_site_name":"El Kaminante","article_published_time":"2015-08-04T16:20:00+00:00","og_image":[{"width":1920,"height":434,"url":"https:\/\/elkaminante.com.uy\/wp-content\/uploads\/2019\/06\/portadasalta.png","type":"image\/png"}],"author":"El Kaminante","twitter_card":"summary_large_image","twitter_misc":{"Written by":"El Kaminante","Est. reading time":"5 minutes"},"schema":{"@context":"https:\/\/schema.org","@graph":[{"@type":"Article","@id":"https:\/\/elkaminante.com.uy\/blog\/salta-noroeste-argentino\/#article","isPartOf":{"@id":"https:\/\/elkaminante.com.uy\/blog\/salta-noroeste-argentino\/"},"author":{"name":"El Kaminante","@id":"https:\/\/elkaminante.com.uy\/#\/schema\/person\/3bef2e6076b30f7fb49c2ebfef68e158"},"headline":"Salta &#8211; Noroeste Argentino","datePublished":"2015-08-04T16:20:00+00:00","mainEntityOfPage":{"@id":"https:\/\/elkaminante.com.uy\/blog\/salta-noroeste-argentino\/"},"wordCount":962,"publisher":{"@id":"https:\/\/elkaminante.com.uy\/#organization"},"image":{"@id":"https:\/\/elkaminante.com.uy\/blog\/salta-noroeste-argentino\/#primaryimage"},"thumbnailUrl":"https:\/\/elkaminante.com.uy\/wp-content\/uploads\/2019\/06\/portadasalta.png","articleSection":["Noroeste Argentino"],"inLanguage":"en-US"},{"@type":"WebPage","@id":"https:\/\/elkaminante.com.uy\/blog\/salta-noroeste-argentino\/","url":"https:\/\/elkaminante.com.uy\/blog\/salta-noroeste-argentino\/","name":"Salta - Noroeste Argentino","isPartOf":{"@id":"https:\/\/elkaminante.com.uy\/#website"},"primaryImageOfPage":{"@id":"https:\/\/elkaminante.com.uy\/blog\/salta-noroeste-argentino\/#primaryimage"},"image":{"@id":"https:\/\/elkaminante.com.uy\/blog\/salta-noroeste-argentino\/#primaryimage"},"thumbnailUrl":"https:\/\/elkaminante.com.uy\/wp-content\/uploads\/2019\/06\/portadasalta.png","datePublished":"2015-08-04T16:20:00+00:00","breadcrumb":{"@id":"https:\/\/elkaminante.com.uy\/blog\/salta-noroeste-argentino\/#breadcrumb"},"inLanguage":"en-US","potentialAction":[{"@type":"ReadAction","target":["https:\/\/elkaminante.com.uy\/blog\/salta-noroeste-argentino\/"]}]},{"@type":"ImageObject","inLanguage":"en-US","@id":"https:\/\/elkaminante.com.uy\/blog\/salta-noroeste-argentino\/#primaryimage","url":"https:\/\/elkaminante.com.uy\/wp-content\/uploads\/2019\/06\/portadasalta.png","contentUrl":"https:\/\/elkaminante.com.uy\/wp-content\/uploads\/2019\/06\/portadasalta.png","width":1920,"height":434},{"@type":"BreadcrumbList","@id":"https:\/\/elkaminante.com.uy\/blog\/salta-noroeste-argentino\/#breadcrumb","itemListElement":[{"@type":"ListItem","position":1,"name":"Inicio","item":"https:\/\/elkaminante.com.uy\/en\/"},{"@type":"ListItem","position":2,"name":"Salta &#8211; Noroeste Argentino"}]},{"@type":"WebSite","@id":"https:\/\/elkaminante.com.uy\/#website","url":"https:\/\/elkaminante.com.uy\/","name":"El Kaminante","description":"Viajes &amp; Turismo","publisher":{"@id":"https:\/\/elkaminante.com.uy\/#organization"},"potentialAction":[{"@type":"SearchAction","target":{"@type":"EntryPoint","urlTemplate":"https:\/\/elkaminante.com.uy\/?s={search_term_string}"},"query-input":{"@type":"PropertyValueSpecification","valueRequired":true,"valueName":"search_term_string"}}],"inLanguage":"en-US"},{"@type":"Organization","@id":"https:\/\/elkaminante.com.uy\/#organization","name":"El Kaminante","url":"https:\/\/elkaminante.com.uy\/","logo":{"@type":"ImageObject","inLanguage":"en-US","@id":"https:\/\/elkaminante.com.uy\/#\/schema\/logo\/image\/","url":"https:\/\/elkaminante.com.uy\/wp-content\/uploads\/2025\/02\/logo-elkaminante-blanco.svg","contentUrl":"https:\/\/elkaminante.com.uy\/wp-content\/uploads\/2025\/02\/logo-elkaminante-blanco.svg","caption":"El Kaminante"},"image":{"@id":"https:\/\/elkaminante.com.uy\/#\/schema\/logo\/image\/"}},{"@type":"Person","@id":"https:\/\/elkaminante.com.uy\/#\/schema\/person\/3bef2e6076b30f7fb49c2ebfef68e158","name":"El Kaminante","image":{"@type":"ImageObject","inLanguage":"en-US","@id":"https:\/\/secure.gravatar.com\/avatar\/e323e6b9b7e9228f473a6bf0248544fb5734b5446609827abc7d3805b450f589?s=96&d=mm&r=g","url":"https:\/\/secure.gravatar.com\/avatar\/e323e6b9b7e9228f473a6bf0248544fb5734b5446609827abc7d3805b450f589?s=96&d=mm&r=g","contentUrl":"https:\/\/secure.gravatar.com\/avatar\/e323e6b9b7e9228f473a6bf0248544fb5734b5446609827abc7d3805b450f589?s=96&d=mm&r=g","caption":"El Kaminante"},"description":"Viajes &amp; Turismo"}]}},"_links":{"self":[{"href":"https:\/\/elkaminante.com.uy\/en\/wp-json\/wp\/v2\/posts\/1219","targetHints":{"allow":["GET"]}}],"collection":[{"href":"https:\/\/elkaminante.com.uy\/en\/wp-json\/wp\/v2\/posts"}],"about":[{"href":"https:\/\/elkaminante.com.uy\/en\/wp-json\/wp\/v2\/types\/post"}],"author":[{"embeddable":true,"href":"https:\/\/elkaminante.com.uy\/en\/wp-json\/wp\/v2\/users\/2"}],"replies":[{"embeddable":true,"href":"https:\/\/elkaminante.com.uy\/en\/wp-json\/wp\/v2\/comments?post=1219"}],"version-history":[{"count":0,"href":"https:\/\/elkaminante.com.uy\/en\/wp-json\/wp\/v2\/posts\/1219\/revisions"}],"wp:featuredmedia":[{"embeddable":true,"href":"https:\/\/elkaminante.com.uy\/en\/wp-json\/wp\/v2\/media\/5003"}],"wp:attachment":[{"href":"https:\/\/elkaminante.com.uy\/en\/wp-json\/wp\/v2\/media?parent=1219"}],"wp:term":[{"taxonomy":"category","embeddable":true,"href":"https:\/\/elkaminante.com.uy\/en\/wp-json\/wp\/v2\/categories?post=1219"},{"taxonomy":"post_tag","embeddable":true,"href":"https:\/\/elkaminante.com.uy\/en\/wp-json\/wp\/v2\/tags?post=1219"}],"curies":[{"name":"wp","href":"https:\/\/api.w.org\/{rel}","templated":true}]}}