{"id":1182,"date":"2015-06-23T13:14:34","date_gmt":"2015-06-23T15:14:34","guid":{"rendered":"http:\/\/www.elkaminante.com.uy\/?p=1182"},"modified":"2015-06-23T13:14:34","modified_gmt":"2015-06-23T15:14:34","slug":"potosi-a-la-tierra-de-los-incas","status":"publish","type":"post","link":"https:\/\/elkaminante.com.uy\/en\/blog\/potosi-a-la-tierra-de-los-incas\/","title":{"rendered":"Potos\u00ed &#8211; A la Tierra de los Incas"},"content":{"rendered":"<p>Seguimos por tierras bolivianas desde <a href=\"http:\/\/www.elkaminante.com.uy\/la-paz-a-la-tierra-de-los-incas\/\" target=\"_blank\" rel=\"noopener noreferrer\">La Paz<\/a>, continuando nuestro viaje <a href=\"http:\/\/www.elkaminante.com.uy\/tours_post\/a-la-tierra-de-los-incas\/\" target=\"_blank\" rel=\"noopener noreferrer\">A&nbsp;La Tierra De Los Incas<\/a>. Continuamos rumbo a la ciudad de Potos\u00ed.<\/p>\n<p><img loading=\"lazy\" decoding=\"async\" class=\"aligncenter size-full wp-image-1183\" src=\"http:\/\/www.elkaminante.com.uy\/wp-content\/uploads\/2015\/06\/potosi02.jpg\" alt=\"potosi02\" width=\"950\" height=\"496\"><\/p>\n<p>La Villa Imperial de Potos\u00ed, es la Capital del departamento del mismo nombre, est\u00e1 ubicada a m\u00e1s de 4000 metros sobre el nivel del mar. En 1987, fue declarada por la UNESCO Patrimonio Natural y Cultural de la Humanidad. La ciudad permanece intacta, no s\u00f3lo en su arquitectura, sino tambi\u00e9n en lo que significa la presencia de las culturas originarias; en su paisaje se destaca el imponente Cerro Rico en combinaci\u00f3n con el conjunto de edificios, iglesias y torres con cubiertas caracter\u00edsticas de la \u00e9poca colonial.<br \/>\nSituada a los pies del Cerro Rico (Sumaj Orcko), su historia est\u00e1 estrechamente ligada a la plata. En 1650, Potos\u00ed era la ciudad m\u00e1s poblada del mundo, dada la generosidad del imponente Cerro Rico de Potos\u00ed que alberg\u00f3 en su interior las m\u00e1s codiciadas vetas de plata del mundo. La concentraci\u00f3n de la econom\u00eda mundial, permiti\u00f3 que la ciudad de Potos\u00ed fuese una de las primeras ciudades del planeta, al igual que Nueva York, Par\u00eds, Londres, Madrid, Tokio o Shangai, en convertirse el receptor de inmigrantes que llegaban de diferentes partes del mundo, en busca de buenas oportunidades que podr\u00eda denominarse el &#8220;Sue\u00f1o potosino&#8221;.<br \/>\n\u00a1Vale un Potos\u00ed!, es frase que estaba en boga en la Europa del siglo XVI, tiene origen en la Villa Imperial de Potos\u00ed y perdura hasta nuestros d\u00edas gracias a sus monumentos, museos y edificios. El Potos\u00ed fue una moneda de mucho valor en la \u00e9poca colonial espa\u00f1ola. Ten\u00eda un peso econ\u00f3mico en su cotizaci\u00f3n monetaria como ocurre actualmente con el d\u00f3lar estadounidense y el euro. Esta moneda tambi\u00e9n fue de car\u00e1cter o de circulaci\u00f3n universal, que por medio de esta, se podr\u00eda realizar el intercambio con las dem\u00e1s monedas.<br \/>\nSi una persona de la nobleza de aquellos tiempos, sin importar cual era su lugar de origen deseaba comprar un traje de fina calidad y preguntaba cuanto val\u00eda ese traje, el vendedor le respond\u00eda &#8220;Vale un Potos\u00ed&#8221;.<br \/>\nSu patrimonio arquitect\u00f3nico est\u00e1 representado por numerosas construcciones coloniales como la Catedral de Potos\u00ed, de estilo g\u00f3tico; la Casa de la Moneda, construida entre 1757 y 1773, la cual conserva importantes archivos coloniales y constituye uno de los edificios civiles m\u00e1s destacados de Am\u00e9rica Latina, as\u00ed como la Universidad Tom\u00e1s Fr\u00edas.<\/p>\n<p>Uno de los s\u00edmbolos de la ciudad es la Torre de la Compa\u00f1\u00eda, un convento religioso del siglo XVIII, que refleja el m\u00e1ximo esplendor de Potos\u00ed, su edificaci\u00f3n se concibi\u00f3 como un arco del triunfo con cinco aberturas, treinta y dos columnas salom\u00f3nicas y tres c\u00fapulas de media naranja. Es una ostensible expresi\u00f3n de la espiritualidad de la \u00e9poca.<\/p>\n<p>En la Iglesia de San Francisco, al igual que en la de Iglesia de San Lorenzo, se pueden observar una gran exposici\u00f3n art\u00edstica en su interior, con la inclusi\u00f3n de deidades ind\u00edgenas y s\u00edmbolos del Cristianismo.<br \/>\nExisten cerca de 32 templos y parroquias coloniales de diferentes \u00f3rdenes, entre ellas, Mercedarios, Franciscanos, Augustinos, Dominicos, Jesuitas, Betlemitas. Muchas de esas obras de arquitectura se pueden apreciar hoy en d\u00eda.<\/p>\n<p><img loading=\"lazy\" decoding=\"async\" class=\"aligncenter size-full wp-image-1184\" src=\"http:\/\/www.elkaminante.com.uy\/wp-content\/uploads\/2015\/06\/potosi01.jpg\" alt=\"potosi01\" width=\"582\" height=\"336\"><\/p>\n<p>Tambi\u00e9n existen cerca de 16 establecimientos de arquitectura civil, entre los que resaltan la Casa de la Moneda, el Cabildo (hoy Prefectura) y las Casas Reales (hoy Gobierno Municipal).<br \/>\nEn lo que respecta a la arquitectura industrial, quedan 15 monumentos, entre ellos, el Ingenio Minero de San Marcos y las lagunas del Kari Kari que hasta la fecha proveen de agua a la ciudad de Potos\u00ed.<br \/>\nAl dejar atr\u00e1s Potos\u00ed, es momento de volver a casa y dejar atr\u00e1s este maravilloso mundo lleno de la magia de nuestras culturas ancestrales.<\/p>\n<p>&nbsp;<\/p>\n[su_button url=&#8221;http:\/\/www.elkaminante.com.uy\/tours_post\/a-la-tierra-de-los-incas\/&#8221; size=&#8221;4&#8243; center=&#8221;yes&#8221; icon=&#8221;icon: chevron-right&#8221;]M\u00e1s info y reservas online aqu\u00ed[\/su_button]\n<p>&nbsp;<\/p>\n","protected":false},"excerpt":{"rendered":"<p>Seguimos por tierras bolivianas desde La Paz, continuando nuestro viaje A&nbsp;La Tierra De Los Incas. Continuamos rumbo a la ciudad de Potos\u00ed. La Villa Imperial de Potos\u00ed, es la Capital del departamento del mismo nombre, est\u00e1 ubicada a m\u00e1s de 4000 metros sobre el nivel del mar. En 1987, fue declarada por la UNESCO Patrimonio&hellip;<\/p>\n","protected":false},"author":2,"featured_media":5015,"comment_status":"closed","ping_status":"closed","sticky":false,"template":"","format":"standard","meta":{"_acf_changed":false,"inline_featured_image":false,"footnotes":""},"categories":[39],"tags":[],"class_list":["post-1182","post","type-post","status-publish","format-standard","has-post-thumbnail","hentry","category-la-tierra-de-los-incas","entry","has-media"],"acf":[],"yoast_head":"<!-- This site is optimized with the Yoast SEO plugin v27.2 - https:\/\/yoast.com\/product\/yoast-seo-wordpress\/ -->\n<title>Potos\u00ed - A la Tierra de los Incas<\/title>\n<meta name=\"robots\" content=\"index, follow, max-snippet:-1, max-image-preview:large, max-video-preview:-1\" \/>\n<link rel=\"canonical\" href=\"https:\/\/elkaminante.com.uy\/blog\/potosi-a-la-tierra-de-los-incas\/\" \/>\n<meta property=\"og:locale\" content=\"en_US\" \/>\n<meta property=\"og:type\" content=\"article\" \/>\n<meta property=\"og:title\" content=\"Potos\u00ed - A la Tierra de los Incas\" \/>\n<meta property=\"og:description\" content=\"Seguimos por tierras bolivianas desde La Paz, continuando nuestro viaje A&nbsp;La Tierra De Los Incas. Continuamos rumbo a la ciudad de Potos\u00ed. La Villa Imperial de Potos\u00ed, es la Capital del departamento del mismo nombre, est\u00e1 ubicada a m\u00e1s de 4000 metros sobre el nivel del mar. En 1987, fue declarada por la UNESCO Patrimonio&hellip;\" \/>\n<meta property=\"og:url\" content=\"https:\/\/elkaminante.com.uy\/blog\/potosi-a-la-tierra-de-los-incas\/\" \/>\n<meta property=\"og:site_name\" content=\"El Kaminante\" \/>\n<meta property=\"article:published_time\" content=\"2015-06-23T15:14:34+00:00\" \/>\n<meta property=\"og:image\" content=\"https:\/\/elkaminante.com.uy\/wp-content\/uploads\/2019\/06\/portadapotosi-1920x434-1.png\" \/>\n\t<meta property=\"og:image:width\" content=\"1920\" \/>\n\t<meta property=\"og:image:height\" content=\"434\" \/>\n\t<meta property=\"og:image:type\" content=\"image\/png\" \/>\n<meta name=\"author\" content=\"El Kaminante\" \/>\n<meta name=\"twitter:card\" content=\"summary_large_image\" \/>\n<meta name=\"twitter:label1\" content=\"Written by\" \/>\n\t<meta name=\"twitter:data1\" content=\"El Kaminante\" \/>\n\t<meta name=\"twitter:label2\" content=\"Est. reading time\" \/>\n\t<meta name=\"twitter:data2\" content=\"3 minutes\" \/>\n<script type=\"application\/ld+json\" class=\"yoast-schema-graph\">{\"@context\":\"https:\/\/schema.org\",\"@graph\":[{\"@type\":\"Article\",\"@id\":\"https:\/\/elkaminante.com.uy\/blog\/potosi-a-la-tierra-de-los-incas\/#article\",\"isPartOf\":{\"@id\":\"https:\/\/elkaminante.com.uy\/blog\/potosi-a-la-tierra-de-los-incas\/\"},\"author\":{\"name\":\"El Kaminante\",\"@id\":\"https:\/\/elkaminante.com.uy\/#\/schema\/person\/3bef2e6076b30f7fb49c2ebfef68e158\"},\"headline\":\"Potos\u00ed &#8211; A la Tierra de los Incas\",\"datePublished\":\"2015-06-23T15:14:34+00:00\",\"mainEntityOfPage\":{\"@id\":\"https:\/\/elkaminante.com.uy\/blog\/potosi-a-la-tierra-de-los-incas\/\"},\"wordCount\":683,\"publisher\":{\"@id\":\"https:\/\/elkaminante.com.uy\/#organization\"},\"image\":{\"@id\":\"https:\/\/elkaminante.com.uy\/blog\/potosi-a-la-tierra-de-los-incas\/#primaryimage\"},\"thumbnailUrl\":\"https:\/\/elkaminante.com.uy\/wp-content\/uploads\/2019\/06\/portadapotosi-1920x434-1.png\",\"articleSection\":[\"La Tierra de los Incas\"],\"inLanguage\":\"en-US\"},{\"@type\":\"WebPage\",\"@id\":\"https:\/\/elkaminante.com.uy\/blog\/potosi-a-la-tierra-de-los-incas\/\",\"url\":\"https:\/\/elkaminante.com.uy\/blog\/potosi-a-la-tierra-de-los-incas\/\",\"name\":\"Potos\u00ed - A la Tierra de los Incas\",\"isPartOf\":{\"@id\":\"https:\/\/elkaminante.com.uy\/#website\"},\"primaryImageOfPage\":{\"@id\":\"https:\/\/elkaminante.com.uy\/blog\/potosi-a-la-tierra-de-los-incas\/#primaryimage\"},\"image\":{\"@id\":\"https:\/\/elkaminante.com.uy\/blog\/potosi-a-la-tierra-de-los-incas\/#primaryimage\"},\"thumbnailUrl\":\"https:\/\/elkaminante.com.uy\/wp-content\/uploads\/2019\/06\/portadapotosi-1920x434-1.png\",\"datePublished\":\"2015-06-23T15:14:34+00:00\",\"breadcrumb\":{\"@id\":\"https:\/\/elkaminante.com.uy\/blog\/potosi-a-la-tierra-de-los-incas\/#breadcrumb\"},\"inLanguage\":\"en-US\",\"potentialAction\":[{\"@type\":\"ReadAction\",\"target\":[\"https:\/\/elkaminante.com.uy\/blog\/potosi-a-la-tierra-de-los-incas\/\"]}]},{\"@type\":\"ImageObject\",\"inLanguage\":\"en-US\",\"@id\":\"https:\/\/elkaminante.com.uy\/blog\/potosi-a-la-tierra-de-los-incas\/#primaryimage\",\"url\":\"https:\/\/elkaminante.com.uy\/wp-content\/uploads\/2019\/06\/portadapotosi-1920x434-1.png\",\"contentUrl\":\"https:\/\/elkaminante.com.uy\/wp-content\/uploads\/2019\/06\/portadapotosi-1920x434-1.png\",\"width\":1920,\"height\":434},{\"@type\":\"BreadcrumbList\",\"@id\":\"https:\/\/elkaminante.com.uy\/blog\/potosi-a-la-tierra-de-los-incas\/#breadcrumb\",\"itemListElement\":[{\"@type\":\"ListItem\",\"position\":1,\"name\":\"Inicio\",\"item\":\"https:\/\/elkaminante.com.uy\/en\/\"},{\"@type\":\"ListItem\",\"position\":2,\"name\":\"Potos\u00ed &#8211; A la Tierra de los Incas\"}]},{\"@type\":\"WebSite\",\"@id\":\"https:\/\/elkaminante.com.uy\/#website\",\"url\":\"https:\/\/elkaminante.com.uy\/\",\"name\":\"El Kaminante\",\"description\":\"Viajes &amp; Turismo\",\"publisher\":{\"@id\":\"https:\/\/elkaminante.com.uy\/#organization\"},\"potentialAction\":[{\"@type\":\"SearchAction\",\"target\":{\"@type\":\"EntryPoint\",\"urlTemplate\":\"https:\/\/elkaminante.com.uy\/?s={search_term_string}\"},\"query-input\":{\"@type\":\"PropertyValueSpecification\",\"valueRequired\":true,\"valueName\":\"search_term_string\"}}],\"inLanguage\":\"en-US\"},{\"@type\":\"Organization\",\"@id\":\"https:\/\/elkaminante.com.uy\/#organization\",\"name\":\"El Kaminante\",\"url\":\"https:\/\/elkaminante.com.uy\/\",\"logo\":{\"@type\":\"ImageObject\",\"inLanguage\":\"en-US\",\"@id\":\"https:\/\/elkaminante.com.uy\/#\/schema\/logo\/image\/\",\"url\":\"https:\/\/elkaminante.com.uy\/wp-content\/uploads\/2025\/02\/logo-elkaminante-blanco.svg\",\"contentUrl\":\"https:\/\/elkaminante.com.uy\/wp-content\/uploads\/2025\/02\/logo-elkaminante-blanco.svg\",\"caption\":\"El Kaminante\"},\"image\":{\"@id\":\"https:\/\/elkaminante.com.uy\/#\/schema\/logo\/image\/\"}},{\"@type\":\"Person\",\"@id\":\"https:\/\/elkaminante.com.uy\/#\/schema\/person\/3bef2e6076b30f7fb49c2ebfef68e158\",\"name\":\"El Kaminante\",\"image\":{\"@type\":\"ImageObject\",\"inLanguage\":\"en-US\",\"@id\":\"https:\/\/secure.gravatar.com\/avatar\/e323e6b9b7e9228f473a6bf0248544fb5734b5446609827abc7d3805b450f589?s=96&d=mm&r=g\",\"url\":\"https:\/\/secure.gravatar.com\/avatar\/e323e6b9b7e9228f473a6bf0248544fb5734b5446609827abc7d3805b450f589?s=96&d=mm&r=g\",\"contentUrl\":\"https:\/\/secure.gravatar.com\/avatar\/e323e6b9b7e9228f473a6bf0248544fb5734b5446609827abc7d3805b450f589?s=96&d=mm&r=g\",\"caption\":\"El Kaminante\"},\"description\":\"Viajes &amp; Turismo\"}]}<\/script>\n<!-- \/ Yoast SEO plugin. -->","yoast_head_json":{"title":"Potos\u00ed - A la Tierra de los Incas","robots":{"index":"index","follow":"follow","max-snippet":"max-snippet:-1","max-image-preview":"max-image-preview:large","max-video-preview":"max-video-preview:-1"},"canonical":"https:\/\/elkaminante.com.uy\/blog\/potosi-a-la-tierra-de-los-incas\/","og_locale":"en_US","og_type":"article","og_title":"Potos\u00ed - A la Tierra de los Incas","og_description":"Seguimos por tierras bolivianas desde La Paz, continuando nuestro viaje A&nbsp;La Tierra De Los Incas. Continuamos rumbo a la ciudad de Potos\u00ed. La Villa Imperial de Potos\u00ed, es la Capital del departamento del mismo nombre, est\u00e1 ubicada a m\u00e1s de 4000 metros sobre el nivel del mar. En 1987, fue declarada por la UNESCO Patrimonio&hellip;","og_url":"https:\/\/elkaminante.com.uy\/blog\/potosi-a-la-tierra-de-los-incas\/","og_site_name":"El Kaminante","article_published_time":"2015-06-23T15:14:34+00:00","og_image":[{"width":1920,"height":434,"url":"https:\/\/elkaminante.com.uy\/wp-content\/uploads\/2019\/06\/portadapotosi-1920x434-1.png","type":"image\/png"}],"author":"El Kaminante","twitter_card":"summary_large_image","twitter_misc":{"Written by":"El Kaminante","Est. reading time":"3 minutes"},"schema":{"@context":"https:\/\/schema.org","@graph":[{"@type":"Article","@id":"https:\/\/elkaminante.com.uy\/blog\/potosi-a-la-tierra-de-los-incas\/#article","isPartOf":{"@id":"https:\/\/elkaminante.com.uy\/blog\/potosi-a-la-tierra-de-los-incas\/"},"author":{"name":"El Kaminante","@id":"https:\/\/elkaminante.com.uy\/#\/schema\/person\/3bef2e6076b30f7fb49c2ebfef68e158"},"headline":"Potos\u00ed &#8211; A la Tierra de los Incas","datePublished":"2015-06-23T15:14:34+00:00","mainEntityOfPage":{"@id":"https:\/\/elkaminante.com.uy\/blog\/potosi-a-la-tierra-de-los-incas\/"},"wordCount":683,"publisher":{"@id":"https:\/\/elkaminante.com.uy\/#organization"},"image":{"@id":"https:\/\/elkaminante.com.uy\/blog\/potosi-a-la-tierra-de-los-incas\/#primaryimage"},"thumbnailUrl":"https:\/\/elkaminante.com.uy\/wp-content\/uploads\/2019\/06\/portadapotosi-1920x434-1.png","articleSection":["La Tierra de los Incas"],"inLanguage":"en-US"},{"@type":"WebPage","@id":"https:\/\/elkaminante.com.uy\/blog\/potosi-a-la-tierra-de-los-incas\/","url":"https:\/\/elkaminante.com.uy\/blog\/potosi-a-la-tierra-de-los-incas\/","name":"Potos\u00ed - A la Tierra de los Incas","isPartOf":{"@id":"https:\/\/elkaminante.com.uy\/#website"},"primaryImageOfPage":{"@id":"https:\/\/elkaminante.com.uy\/blog\/potosi-a-la-tierra-de-los-incas\/#primaryimage"},"image":{"@id":"https:\/\/elkaminante.com.uy\/blog\/potosi-a-la-tierra-de-los-incas\/#primaryimage"},"thumbnailUrl":"https:\/\/elkaminante.com.uy\/wp-content\/uploads\/2019\/06\/portadapotosi-1920x434-1.png","datePublished":"2015-06-23T15:14:34+00:00","breadcrumb":{"@id":"https:\/\/elkaminante.com.uy\/blog\/potosi-a-la-tierra-de-los-incas\/#breadcrumb"},"inLanguage":"en-US","potentialAction":[{"@type":"ReadAction","target":["https:\/\/elkaminante.com.uy\/blog\/potosi-a-la-tierra-de-los-incas\/"]}]},{"@type":"ImageObject","inLanguage":"en-US","@id":"https:\/\/elkaminante.com.uy\/blog\/potosi-a-la-tierra-de-los-incas\/#primaryimage","url":"https:\/\/elkaminante.com.uy\/wp-content\/uploads\/2019\/06\/portadapotosi-1920x434-1.png","contentUrl":"https:\/\/elkaminante.com.uy\/wp-content\/uploads\/2019\/06\/portadapotosi-1920x434-1.png","width":1920,"height":434},{"@type":"BreadcrumbList","@id":"https:\/\/elkaminante.com.uy\/blog\/potosi-a-la-tierra-de-los-incas\/#breadcrumb","itemListElement":[{"@type":"ListItem","position":1,"name":"Inicio","item":"https:\/\/elkaminante.com.uy\/en\/"},{"@type":"ListItem","position":2,"name":"Potos\u00ed &#8211; A la Tierra de los Incas"}]},{"@type":"WebSite","@id":"https:\/\/elkaminante.com.uy\/#website","url":"https:\/\/elkaminante.com.uy\/","name":"El Kaminante","description":"Viajes &amp; Turismo","publisher":{"@id":"https:\/\/elkaminante.com.uy\/#organization"},"potentialAction":[{"@type":"SearchAction","target":{"@type":"EntryPoint","urlTemplate":"https:\/\/elkaminante.com.uy\/?s={search_term_string}"},"query-input":{"@type":"PropertyValueSpecification","valueRequired":true,"valueName":"search_term_string"}}],"inLanguage":"en-US"},{"@type":"Organization","@id":"https:\/\/elkaminante.com.uy\/#organization","name":"El Kaminante","url":"https:\/\/elkaminante.com.uy\/","logo":{"@type":"ImageObject","inLanguage":"en-US","@id":"https:\/\/elkaminante.com.uy\/#\/schema\/logo\/image\/","url":"https:\/\/elkaminante.com.uy\/wp-content\/uploads\/2025\/02\/logo-elkaminante-blanco.svg","contentUrl":"https:\/\/elkaminante.com.uy\/wp-content\/uploads\/2025\/02\/logo-elkaminante-blanco.svg","caption":"El Kaminante"},"image":{"@id":"https:\/\/elkaminante.com.uy\/#\/schema\/logo\/image\/"}},{"@type":"Person","@id":"https:\/\/elkaminante.com.uy\/#\/schema\/person\/3bef2e6076b30f7fb49c2ebfef68e158","name":"El Kaminante","image":{"@type":"ImageObject","inLanguage":"en-US","@id":"https:\/\/secure.gravatar.com\/avatar\/e323e6b9b7e9228f473a6bf0248544fb5734b5446609827abc7d3805b450f589?s=96&d=mm&r=g","url":"https:\/\/secure.gravatar.com\/avatar\/e323e6b9b7e9228f473a6bf0248544fb5734b5446609827abc7d3805b450f589?s=96&d=mm&r=g","contentUrl":"https:\/\/secure.gravatar.com\/avatar\/e323e6b9b7e9228f473a6bf0248544fb5734b5446609827abc7d3805b450f589?s=96&d=mm&r=g","caption":"El Kaminante"},"description":"Viajes &amp; Turismo"}]}},"_links":{"self":[{"href":"https:\/\/elkaminante.com.uy\/en\/wp-json\/wp\/v2\/posts\/1182","targetHints":{"allow":["GET"]}}],"collection":[{"href":"https:\/\/elkaminante.com.uy\/en\/wp-json\/wp\/v2\/posts"}],"about":[{"href":"https:\/\/elkaminante.com.uy\/en\/wp-json\/wp\/v2\/types\/post"}],"author":[{"embeddable":true,"href":"https:\/\/elkaminante.com.uy\/en\/wp-json\/wp\/v2\/users\/2"}],"replies":[{"embeddable":true,"href":"https:\/\/elkaminante.com.uy\/en\/wp-json\/wp\/v2\/comments?post=1182"}],"version-history":[{"count":0,"href":"https:\/\/elkaminante.com.uy\/en\/wp-json\/wp\/v2\/posts\/1182\/revisions"}],"wp:featuredmedia":[{"embeddable":true,"href":"https:\/\/elkaminante.com.uy\/en\/wp-json\/wp\/v2\/media\/5015"}],"wp:attachment":[{"href":"https:\/\/elkaminante.com.uy\/en\/wp-json\/wp\/v2\/media?parent=1182"}],"wp:term":[{"taxonomy":"category","embeddable":true,"href":"https:\/\/elkaminante.com.uy\/en\/wp-json\/wp\/v2\/categories?post=1182"},{"taxonomy":"post_tag","embeddable":true,"href":"https:\/\/elkaminante.com.uy\/en\/wp-json\/wp\/v2\/tags?post=1182"}],"curies":[{"name":"wp","href":"https:\/\/api.w.org\/{rel}","templated":true}]}}