{"id":1175,"date":"2015-06-17T18:00:38","date_gmt":"2015-06-17T20:00:38","guid":{"rendered":"http:\/\/www.elkaminante.com.uy\/?p=1175"},"modified":"2015-06-17T18:00:38","modified_gmt":"2015-06-17T20:00:38","slug":"la-paz-a-la-tierra-de-los-incas","status":"publish","type":"post","link":"https:\/\/elkaminante.com.uy\/en\/blog\/la-paz-a-la-tierra-de-los-incas\/","title":{"rendered":"La Paz &#8211; A la Tierra de los Incas"},"content":{"rendered":"<p>Dejamos atr\u00e1s <a href=\"http:\/\/www.elkaminante.com.uy\/machu-picchu-a-la-tierra-de-los-incas\/\" target=\"_blank\" rel=\"noopener noreferrer\">Machu Picchu<\/a> y Per\u00fa, continuando nuestro viaje <a href=\"http:\/\/www.elkaminante.com.uy\/tours_post\/a-la-tierra-de-los-incas\/\" target=\"_blank\" rel=\"noopener noreferrer\">A&nbsp;La Tierra De Los Incas<\/a>. Seguimos hasta Nuestra Se\u00f1ora de la Paz, disfrutando del camino. Veremos las diferentes econom\u00edas que se dan a orillas del Titicaca y al oriente observaremos la cadena monta\u00f1osa de la Cordillera Real, con su imponente vista del volc\u00e1n Illimani de 6.462 metros (en lengua aimara, quiere decir \u201c\u00e1guila dorada\u201d), guardi\u00e1n de la ciudad.<\/p>\n<p><img loading=\"lazy\" decoding=\"async\" class=\"aligncenter size-full wp-image-1176\" src=\"http:\/\/www.elkaminante.com.uy\/wp-content\/uploads\/2015\/06\/la-paz01.jpg\" alt=\"la-paz01\" width=\"582\" height=\"336\"><\/p>\n<p>El departamento de La Paz est\u00e1 construido sobre asentamientos tiwanakotas, collas e incaicos como demuestran las excavaciones arqueol\u00f3gicas realizadas. La cultura tiwanakota, seg\u00fan algunos autores se inici\u00f3 alrededor del 1500 a 1000 a.C., aunque seg\u00fan estudios m\u00e1s recientes se inici\u00f3 entre 900 a 800 a.C. y colaps\u00f3 alrededor del a\u00f1o 900 o 1000 d. C. Dada su aparente antig\u00fcedad, algunos estudiosos propusieron que Tiahuanaco fue la cultura madre de las civilizaciones americanas, mientras que otros la consideraban como la capital de un antiguo imperio megal\u00edtico, o de un gran imperio que se expandi\u00f3 por todos los Andes Centrales.<br \/>\nNuestra Se\u00f1ora de la Paz es la capital m\u00e1s alta del mundo, tocando las nubes a 3300 y 410 metros sobre el nivel del mar, de la cual tendremos una hermosa vista cuando estemos llegando por El Alto. Es considerada la reina del altiplano, esconde sus secretos de siglos en el valle del Choqueyapu en medio del altiplano andino. Abundan las iglesias del sigo XIX, los museos de objetos Precolombinos, paisajes pintorescos y mercados coloridos. En el centro de la ciudad, el Mercado de las Brujas vende hechizos y pociones para hacer rituales aymara, adem\u00e1s de souvenirs.<br \/>\nEs la sede de gobierno y capital pol\u00edtico-administrativa de Bolivia. Tambi\u00e9n es la ciudad m\u00e1s ind\u00edgena y a la vez la m\u00e1s cosmopolita de Bolivia. Confluyen en ella gente de todas las regiones, as\u00ed como inmigrantes de otros lugares del mundo, siendo que existen diversas concepciones culturales y expresiones \u00e9tnicas que le imprimen la singular fisonom\u00eda que la distingue.<\/p>\n<p>Su configuraci\u00f3n geogr\u00e1fica y urbana permite que el reci\u00e9n llegado se oriente f\u00e1cilmente en la ciudad y se sienta permanentemente desafiado por las cambiantes facetas que, desde sus distintos \u00e1ngulos, ella le ofrece. La Paz de noche es un espect\u00e1culo maravilloso, pues asemeja al cielo lleno de estrellas.<br \/>\nSituado en la Plaza del Estadio, se ubica el &#8220;Templete semi-subterr\u00e1neo&#8221; inaugurado en 1943. Actualmente en su centro se encuentra una r\u00e9plica del monolito Benett, ya que la estela original fue trasladada a Tiwanaku para su conservaci\u00f3n.<\/p>\n<p><img loading=\"lazy\" decoding=\"async\" class=\"aligncenter size-full wp-image-1177\" src=\"http:\/\/www.elkaminante.com.uy\/wp-content\/uploads\/2015\/06\/la-paz-02.jpg\" alt=\"la-paz-02\" width=\"582\" height=\"336\"><\/p>\n<p>Dentro de la ciudad, tendremos 3 opciones para pasear durante un d\u00eda completo:<\/p>\n<p>\u2022 Los Yungas, camino de corniza de aprox. 80 km de extensi\u00f3n, denominado \u201cRuta de la Muerte\u201d hacia la selva amaz\u00f3nica, que une la ciudad de La Paz y la regi\u00f3n de Los Yungas, al noreste.<\/p>\n<p>\u2022 City Tour en la ciudad de La Paz con visita a Valle de la Luna y tiempo libre para compras. El Valle de la Luna es un lugar que desaf\u00eda la imaginaci\u00f3n del visitante, gener\u00e1ndole la sensaci\u00f3n de estar en un peque\u00f1o p\u00e1ramo de la luna. Sus formas son producto de la erosi\u00f3n y asemejan cr\u00e1teres volc\u00e1nicos.<\/p>\n<p>\u2022 Tour hasta la ciudad arqueol\u00f3gica de Tiwanaku. Fue el centro de la civilizaci\u00f3n tiahuanaco, una cultura preincaica que basaba su econom\u00eda en la agricultura y la ganader\u00eda. Es un testimonio de una importante cultura preincaica. La magnificencia de su cultura se refleja en su excelente obra cer\u00e1mica con los famosos queros (vasos ceremoniales), los huaco-retratos (retrato tridimensional de un rostro humano en una vasija) as\u00ed como los textiles y sobre todo en las construcciones arquitect\u00f3nicas, muchas de las cuales poseen orientaci\u00f3n astron\u00f3mica.<\/p>\n<p>Al d\u00eda siguiente, continuaremos rumbo a la ciudad de Potos\u00ed donde nos alojaremos.<\/p>\n<p>&nbsp;<\/p>\n[su_button url=&#8221;http:\/\/www.elkaminante.com.uy\/tours_post\/a-la-tierra-de-los-incas\/&#8221; size=&#8221;4&#8243; center=&#8221;yes&#8221; icon=&#8221;icon: chevron-right&#8221;]M\u00e1s info y reservas online aqu\u00ed[\/su_button]\n<p>&nbsp;<\/p>\n","protected":false},"excerpt":{"rendered":"<p>Dejamos atr\u00e1s Machu Picchu y Per\u00fa, continuando nuestro viaje A&nbsp;La Tierra De Los Incas. Seguimos hasta Nuestra Se\u00f1ora de la Paz, disfrutando del camino. Veremos las diferentes econom\u00edas que se dan a orillas del Titicaca y al oriente observaremos la cadena monta\u00f1osa de la Cordillera Real, con su imponente vista del volc\u00e1n Illimani de 6.462&hellip;<\/p>\n","protected":false},"author":2,"featured_media":5668,"comment_status":"closed","ping_status":"closed","sticky":false,"template":"","format":"standard","meta":{"_acf_changed":false,"inline_featured_image":false,"footnotes":""},"categories":[39],"tags":[],"class_list":["post-1175","post","type-post","status-publish","format-standard","has-post-thumbnail","hentry","category-la-tierra-de-los-incas","entry","has-media"],"acf":[],"yoast_head":"<!-- This site is optimized with the Yoast SEO plugin v27.2 - https:\/\/yoast.com\/product\/yoast-seo-wordpress\/ -->\n<title>La Paz - A la Tierra de los Incas<\/title>\n<meta name=\"robots\" content=\"index, follow, max-snippet:-1, max-image-preview:large, max-video-preview:-1\" \/>\n<link rel=\"canonical\" href=\"https:\/\/elkaminante.com.uy\/blog\/la-paz-a-la-tierra-de-los-incas\/\" \/>\n<meta property=\"og:locale\" content=\"en_US\" \/>\n<meta property=\"og:type\" content=\"article\" \/>\n<meta property=\"og:title\" content=\"La Paz - A la Tierra de los Incas\" \/>\n<meta property=\"og:description\" content=\"Dejamos atr\u00e1s Machu Picchu y Per\u00fa, continuando nuestro viaje A&nbsp;La Tierra De Los Incas. Seguimos hasta Nuestra Se\u00f1ora de la Paz, disfrutando del camino. Veremos las diferentes econom\u00edas que se dan a orillas del Titicaca y al oriente observaremos la cadena monta\u00f1osa de la Cordillera Real, con su imponente vista del volc\u00e1n Illimani de 6.462&hellip;\" \/>\n<meta property=\"og:url\" content=\"https:\/\/elkaminante.com.uy\/blog\/la-paz-a-la-tierra-de-los-incas\/\" \/>\n<meta property=\"og:site_name\" content=\"El Kaminante\" \/>\n<meta property=\"article:published_time\" content=\"2015-06-17T20:00:38+00:00\" \/>\n<meta property=\"og:image\" content=\"https:\/\/elkaminante.com.uy\/wp-content\/uploads\/2019\/06\/portadalapaz-1600x362-1.jpg\" \/>\n\t<meta property=\"og:image:width\" content=\"1600\" \/>\n\t<meta property=\"og:image:height\" content=\"362\" \/>\n\t<meta property=\"og:image:type\" content=\"image\/jpeg\" \/>\n<meta name=\"author\" content=\"El Kaminante\" \/>\n<meta name=\"twitter:card\" content=\"summary_large_image\" \/>\n<meta name=\"twitter:label1\" content=\"Written by\" \/>\n\t<meta name=\"twitter:data1\" content=\"El Kaminante\" \/>\n\t<meta name=\"twitter:label2\" content=\"Est. reading time\" \/>\n\t<meta name=\"twitter:data2\" content=\"3 minutes\" \/>\n<script type=\"application\/ld+json\" class=\"yoast-schema-graph\">{\"@context\":\"https:\/\/schema.org\",\"@graph\":[{\"@type\":\"Article\",\"@id\":\"https:\/\/elkaminante.com.uy\/blog\/la-paz-a-la-tierra-de-los-incas\/#article\",\"isPartOf\":{\"@id\":\"https:\/\/elkaminante.com.uy\/blog\/la-paz-a-la-tierra-de-los-incas\/\"},\"author\":{\"name\":\"El Kaminante\",\"@id\":\"https:\/\/elkaminante.com.uy\/#\/schema\/person\/3bef2e6076b30f7fb49c2ebfef68e158\"},\"headline\":\"La Paz &#8211; A la Tierra de los Incas\",\"datePublished\":\"2015-06-17T20:00:38+00:00\",\"mainEntityOfPage\":{\"@id\":\"https:\/\/elkaminante.com.uy\/blog\/la-paz-a-la-tierra-de-los-incas\/\"},\"wordCount\":687,\"publisher\":{\"@id\":\"https:\/\/elkaminante.com.uy\/#organization\"},\"image\":{\"@id\":\"https:\/\/elkaminante.com.uy\/blog\/la-paz-a-la-tierra-de-los-incas\/#primaryimage\"},\"thumbnailUrl\":\"https:\/\/elkaminante.com.uy\/wp-content\/uploads\/2019\/06\/portadalapaz-1600x362-1.jpg\",\"articleSection\":[\"La Tierra de los Incas\"],\"inLanguage\":\"en-US\"},{\"@type\":\"WebPage\",\"@id\":\"https:\/\/elkaminante.com.uy\/blog\/la-paz-a-la-tierra-de-los-incas\/\",\"url\":\"https:\/\/elkaminante.com.uy\/blog\/la-paz-a-la-tierra-de-los-incas\/\",\"name\":\"La Paz - A la Tierra de los Incas\",\"isPartOf\":{\"@id\":\"https:\/\/elkaminante.com.uy\/#website\"},\"primaryImageOfPage\":{\"@id\":\"https:\/\/elkaminante.com.uy\/blog\/la-paz-a-la-tierra-de-los-incas\/#primaryimage\"},\"image\":{\"@id\":\"https:\/\/elkaminante.com.uy\/blog\/la-paz-a-la-tierra-de-los-incas\/#primaryimage\"},\"thumbnailUrl\":\"https:\/\/elkaminante.com.uy\/wp-content\/uploads\/2019\/06\/portadalapaz-1600x362-1.jpg\",\"datePublished\":\"2015-06-17T20:00:38+00:00\",\"breadcrumb\":{\"@id\":\"https:\/\/elkaminante.com.uy\/blog\/la-paz-a-la-tierra-de-los-incas\/#breadcrumb\"},\"inLanguage\":\"en-US\",\"potentialAction\":[{\"@type\":\"ReadAction\",\"target\":[\"https:\/\/elkaminante.com.uy\/blog\/la-paz-a-la-tierra-de-los-incas\/\"]}]},{\"@type\":\"ImageObject\",\"inLanguage\":\"en-US\",\"@id\":\"https:\/\/elkaminante.com.uy\/blog\/la-paz-a-la-tierra-de-los-incas\/#primaryimage\",\"url\":\"https:\/\/elkaminante.com.uy\/wp-content\/uploads\/2019\/06\/portadalapaz-1600x362-1.jpg\",\"contentUrl\":\"https:\/\/elkaminante.com.uy\/wp-content\/uploads\/2019\/06\/portadalapaz-1600x362-1.jpg\",\"width\":1600,\"height\":362},{\"@type\":\"BreadcrumbList\",\"@id\":\"https:\/\/elkaminante.com.uy\/blog\/la-paz-a-la-tierra-de-los-incas\/#breadcrumb\",\"itemListElement\":[{\"@type\":\"ListItem\",\"position\":1,\"name\":\"Inicio\",\"item\":\"https:\/\/elkaminante.com.uy\/en\/\"},{\"@type\":\"ListItem\",\"position\":2,\"name\":\"La Paz &#8211; A la Tierra de los Incas\"}]},{\"@type\":\"WebSite\",\"@id\":\"https:\/\/elkaminante.com.uy\/#website\",\"url\":\"https:\/\/elkaminante.com.uy\/\",\"name\":\"El Kaminante\",\"description\":\"Viajes &amp; Turismo\",\"publisher\":{\"@id\":\"https:\/\/elkaminante.com.uy\/#organization\"},\"potentialAction\":[{\"@type\":\"SearchAction\",\"target\":{\"@type\":\"EntryPoint\",\"urlTemplate\":\"https:\/\/elkaminante.com.uy\/?s={search_term_string}\"},\"query-input\":{\"@type\":\"PropertyValueSpecification\",\"valueRequired\":true,\"valueName\":\"search_term_string\"}}],\"inLanguage\":\"en-US\"},{\"@type\":\"Organization\",\"@id\":\"https:\/\/elkaminante.com.uy\/#organization\",\"name\":\"El Kaminante\",\"url\":\"https:\/\/elkaminante.com.uy\/\",\"logo\":{\"@type\":\"ImageObject\",\"inLanguage\":\"en-US\",\"@id\":\"https:\/\/elkaminante.com.uy\/#\/schema\/logo\/image\/\",\"url\":\"https:\/\/elkaminante.com.uy\/wp-content\/uploads\/2025\/02\/logo-elkaminante-blanco.svg\",\"contentUrl\":\"https:\/\/elkaminante.com.uy\/wp-content\/uploads\/2025\/02\/logo-elkaminante-blanco.svg\",\"caption\":\"El Kaminante\"},\"image\":{\"@id\":\"https:\/\/elkaminante.com.uy\/#\/schema\/logo\/image\/\"}},{\"@type\":\"Person\",\"@id\":\"https:\/\/elkaminante.com.uy\/#\/schema\/person\/3bef2e6076b30f7fb49c2ebfef68e158\",\"name\":\"El Kaminante\",\"image\":{\"@type\":\"ImageObject\",\"inLanguage\":\"en-US\",\"@id\":\"https:\/\/secure.gravatar.com\/avatar\/e323e6b9b7e9228f473a6bf0248544fb5734b5446609827abc7d3805b450f589?s=96&d=mm&r=g\",\"url\":\"https:\/\/secure.gravatar.com\/avatar\/e323e6b9b7e9228f473a6bf0248544fb5734b5446609827abc7d3805b450f589?s=96&d=mm&r=g\",\"contentUrl\":\"https:\/\/secure.gravatar.com\/avatar\/e323e6b9b7e9228f473a6bf0248544fb5734b5446609827abc7d3805b450f589?s=96&d=mm&r=g\",\"caption\":\"El Kaminante\"},\"description\":\"Viajes &amp; Turismo\"}]}<\/script>\n<!-- \/ Yoast SEO plugin. -->","yoast_head_json":{"title":"La Paz - A la Tierra de los Incas","robots":{"index":"index","follow":"follow","max-snippet":"max-snippet:-1","max-image-preview":"max-image-preview:large","max-video-preview":"max-video-preview:-1"},"canonical":"https:\/\/elkaminante.com.uy\/blog\/la-paz-a-la-tierra-de-los-incas\/","og_locale":"en_US","og_type":"article","og_title":"La Paz - A la Tierra de los Incas","og_description":"Dejamos atr\u00e1s Machu Picchu y Per\u00fa, continuando nuestro viaje A&nbsp;La Tierra De Los Incas. Seguimos hasta Nuestra Se\u00f1ora de la Paz, disfrutando del camino. Veremos las diferentes econom\u00edas que se dan a orillas del Titicaca y al oriente observaremos la cadena monta\u00f1osa de la Cordillera Real, con su imponente vista del volc\u00e1n Illimani de 6.462&hellip;","og_url":"https:\/\/elkaminante.com.uy\/blog\/la-paz-a-la-tierra-de-los-incas\/","og_site_name":"El Kaminante","article_published_time":"2015-06-17T20:00:38+00:00","og_image":[{"width":1600,"height":362,"url":"https:\/\/elkaminante.com.uy\/wp-content\/uploads\/2019\/06\/portadalapaz-1600x362-1.jpg","type":"image\/jpeg"}],"author":"El Kaminante","twitter_card":"summary_large_image","twitter_misc":{"Written by":"El Kaminante","Est. reading time":"3 minutes"},"schema":{"@context":"https:\/\/schema.org","@graph":[{"@type":"Article","@id":"https:\/\/elkaminante.com.uy\/blog\/la-paz-a-la-tierra-de-los-incas\/#article","isPartOf":{"@id":"https:\/\/elkaminante.com.uy\/blog\/la-paz-a-la-tierra-de-los-incas\/"},"author":{"name":"El Kaminante","@id":"https:\/\/elkaminante.com.uy\/#\/schema\/person\/3bef2e6076b30f7fb49c2ebfef68e158"},"headline":"La Paz &#8211; A la Tierra de los Incas","datePublished":"2015-06-17T20:00:38+00:00","mainEntityOfPage":{"@id":"https:\/\/elkaminante.com.uy\/blog\/la-paz-a-la-tierra-de-los-incas\/"},"wordCount":687,"publisher":{"@id":"https:\/\/elkaminante.com.uy\/#organization"},"image":{"@id":"https:\/\/elkaminante.com.uy\/blog\/la-paz-a-la-tierra-de-los-incas\/#primaryimage"},"thumbnailUrl":"https:\/\/elkaminante.com.uy\/wp-content\/uploads\/2019\/06\/portadalapaz-1600x362-1.jpg","articleSection":["La Tierra de los Incas"],"inLanguage":"en-US"},{"@type":"WebPage","@id":"https:\/\/elkaminante.com.uy\/blog\/la-paz-a-la-tierra-de-los-incas\/","url":"https:\/\/elkaminante.com.uy\/blog\/la-paz-a-la-tierra-de-los-incas\/","name":"La Paz - A la Tierra de los Incas","isPartOf":{"@id":"https:\/\/elkaminante.com.uy\/#website"},"primaryImageOfPage":{"@id":"https:\/\/elkaminante.com.uy\/blog\/la-paz-a-la-tierra-de-los-incas\/#primaryimage"},"image":{"@id":"https:\/\/elkaminante.com.uy\/blog\/la-paz-a-la-tierra-de-los-incas\/#primaryimage"},"thumbnailUrl":"https:\/\/elkaminante.com.uy\/wp-content\/uploads\/2019\/06\/portadalapaz-1600x362-1.jpg","datePublished":"2015-06-17T20:00:38+00:00","breadcrumb":{"@id":"https:\/\/elkaminante.com.uy\/blog\/la-paz-a-la-tierra-de-los-incas\/#breadcrumb"},"inLanguage":"en-US","potentialAction":[{"@type":"ReadAction","target":["https:\/\/elkaminante.com.uy\/blog\/la-paz-a-la-tierra-de-los-incas\/"]}]},{"@type":"ImageObject","inLanguage":"en-US","@id":"https:\/\/elkaminante.com.uy\/blog\/la-paz-a-la-tierra-de-los-incas\/#primaryimage","url":"https:\/\/elkaminante.com.uy\/wp-content\/uploads\/2019\/06\/portadalapaz-1600x362-1.jpg","contentUrl":"https:\/\/elkaminante.com.uy\/wp-content\/uploads\/2019\/06\/portadalapaz-1600x362-1.jpg","width":1600,"height":362},{"@type":"BreadcrumbList","@id":"https:\/\/elkaminante.com.uy\/blog\/la-paz-a-la-tierra-de-los-incas\/#breadcrumb","itemListElement":[{"@type":"ListItem","position":1,"name":"Inicio","item":"https:\/\/elkaminante.com.uy\/en\/"},{"@type":"ListItem","position":2,"name":"La Paz &#8211; A la Tierra de los Incas"}]},{"@type":"WebSite","@id":"https:\/\/elkaminante.com.uy\/#website","url":"https:\/\/elkaminante.com.uy\/","name":"El Kaminante","description":"Viajes &amp; Turismo","publisher":{"@id":"https:\/\/elkaminante.com.uy\/#organization"},"potentialAction":[{"@type":"SearchAction","target":{"@type":"EntryPoint","urlTemplate":"https:\/\/elkaminante.com.uy\/?s={search_term_string}"},"query-input":{"@type":"PropertyValueSpecification","valueRequired":true,"valueName":"search_term_string"}}],"inLanguage":"en-US"},{"@type":"Organization","@id":"https:\/\/elkaminante.com.uy\/#organization","name":"El Kaminante","url":"https:\/\/elkaminante.com.uy\/","logo":{"@type":"ImageObject","inLanguage":"en-US","@id":"https:\/\/elkaminante.com.uy\/#\/schema\/logo\/image\/","url":"https:\/\/elkaminante.com.uy\/wp-content\/uploads\/2025\/02\/logo-elkaminante-blanco.svg","contentUrl":"https:\/\/elkaminante.com.uy\/wp-content\/uploads\/2025\/02\/logo-elkaminante-blanco.svg","caption":"El Kaminante"},"image":{"@id":"https:\/\/elkaminante.com.uy\/#\/schema\/logo\/image\/"}},{"@type":"Person","@id":"https:\/\/elkaminante.com.uy\/#\/schema\/person\/3bef2e6076b30f7fb49c2ebfef68e158","name":"El Kaminante","image":{"@type":"ImageObject","inLanguage":"en-US","@id":"https:\/\/secure.gravatar.com\/avatar\/e323e6b9b7e9228f473a6bf0248544fb5734b5446609827abc7d3805b450f589?s=96&d=mm&r=g","url":"https:\/\/secure.gravatar.com\/avatar\/e323e6b9b7e9228f473a6bf0248544fb5734b5446609827abc7d3805b450f589?s=96&d=mm&r=g","contentUrl":"https:\/\/secure.gravatar.com\/avatar\/e323e6b9b7e9228f473a6bf0248544fb5734b5446609827abc7d3805b450f589?s=96&d=mm&r=g","caption":"El Kaminante"},"description":"Viajes &amp; Turismo"}]}},"_links":{"self":[{"href":"https:\/\/elkaminante.com.uy\/en\/wp-json\/wp\/v2\/posts\/1175","targetHints":{"allow":["GET"]}}],"collection":[{"href":"https:\/\/elkaminante.com.uy\/en\/wp-json\/wp\/v2\/posts"}],"about":[{"href":"https:\/\/elkaminante.com.uy\/en\/wp-json\/wp\/v2\/types\/post"}],"author":[{"embeddable":true,"href":"https:\/\/elkaminante.com.uy\/en\/wp-json\/wp\/v2\/users\/2"}],"replies":[{"embeddable":true,"href":"https:\/\/elkaminante.com.uy\/en\/wp-json\/wp\/v2\/comments?post=1175"}],"version-history":[{"count":0,"href":"https:\/\/elkaminante.com.uy\/en\/wp-json\/wp\/v2\/posts\/1175\/revisions"}],"wp:featuredmedia":[{"embeddable":true,"href":"https:\/\/elkaminante.com.uy\/en\/wp-json\/wp\/v2\/media\/5668"}],"wp:attachment":[{"href":"https:\/\/elkaminante.com.uy\/en\/wp-json\/wp\/v2\/media?parent=1175"}],"wp:term":[{"taxonomy":"category","embeddable":true,"href":"https:\/\/elkaminante.com.uy\/en\/wp-json\/wp\/v2\/categories?post=1175"},{"taxonomy":"post_tag","embeddable":true,"href":"https:\/\/elkaminante.com.uy\/en\/wp-json\/wp\/v2\/tags?post=1175"}],"curies":[{"name":"wp","href":"https:\/\/api.w.org\/{rel}","templated":true}]}}