{"id":1158,"date":"2015-06-10T14:51:03","date_gmt":"2015-06-10T16:51:03","guid":{"rendered":"http:\/\/www.elkaminante.com.uy\/?p=1158"},"modified":"2015-06-10T14:51:03","modified_gmt":"2015-06-10T16:51:03","slug":"cuzco-a-la-tierra-de-los-incas","status":"publish","type":"post","link":"https:\/\/elkaminante.com.uy\/en\/blog\/cuzco-a-la-tierra-de-los-incas\/","title":{"rendered":"Cuzco &#8211; A la Tierra de los Incas"},"content":{"rendered":"<p><img loading=\"lazy\" decoding=\"async\" class=\"aligncenter wp-image-1164 size-full\" src=\"http:\/\/www.elkaminante.com.uy\/wp-content\/uploads\/2015\/06\/cuzco01.jpg\" alt=\"\" width=\"582\" height=\"336\"><\/p>\n<p>En la ma\u00f1ana, al despertar en <a href=\"http:\/\/www.elkaminante.com.uy\/san-carlos-de-puno-a-la-tierra-de-los-incas\/\" target=\"_blank\" rel=\"noopener noreferrer\">San Carlos de Puno<\/a>, continuamos nuestro viaje <a href=\"http:\/\/www.elkaminante.com.uy\/tours_post\/a-la-tierra-de-los-incas\/\" target=\"_blank\" rel=\"noopener noreferrer\">A&nbsp;La Tierra De Los Incas<\/a>. Visitamos la Isla de los Uros, conjunto de islas flotantes formadas en base a totora, habitada por pobladores ind\u00edgenas y seguimos viaje hasta llegar a <strong>Cuzco<\/strong>, donde nos alojaremos. Capital hist\u00f3rica del Per\u00fa, fue capital del Imperio Inca y es considerada el centro del mundo andino. Declarada Patrimonio de la Humanidad en 1983.<\/p>\n<p>Hacia el siglo XII, emergieron de las aguas del Lago Titicaca, Manco C\u00e1pac y su hermana y esposa Mama Ocllo, semidioses e hijos del padre Inti (el dios Sol), con la misi\u00f3n de fundar un nuevo reino para que mejorara las condiciones de vida de los pueblos. Manco C\u00e1pac y Mama Ocllo tendr\u00edan que caminar hasta encontrar un lugar en la tierra en donde se hundiera el gran cetro de oro que portaba Manco C\u00e1pac, caminaron al norte y llegaron hasta Pac\u00e1rec Tampu (Pacaritambo) en donde descansaron en una peque\u00f1a cueva; al amanecer continuaron hacia el norte hasta llegar al cerro Huanacaure y all\u00ed se hundi\u00f3 el cetro, y fund\u00f3 la ciudad de Cusco. Tambi\u00e9n llamada Qosqo o Cuzco (voz quechua: el ombligo del mundo).<\/p>\n<p>Los or\u00edgenes Cuzco se pierden en la noche de los tiempos. Es la ciudad m\u00e1s antigua del continente, pues data del 5000 a.C. Su fundaci\u00f3n espa\u00f1ola fue en el a\u00f1o 1534, y desde entonces, fue sede del primer Obispado de Sudam\u00e9rica y centro de la actividad cultural de la Colonial.<br \/>\nLas iglesias convergen con algunos de los restos arquitect\u00f3nicos m\u00e1s importantes de la Am\u00e9rica prehisp\u00e1nica y se puede apreciar la fusi\u00f3n de la cultura inca con la espa\u00f1ola. Un claro ejemplo es el Templo del Koricancha, sobre cuyos cimientos se construy\u00f3 el convento de Santo Domingo.<br \/>\nEl barrio de artesanos de San Blas se encuentra en la zona alta de la ciudad, donde se puede apreciar una joya de la arquitectura colonial: el templo de San Blas. Pero \u00e9ste no es el \u00fanico legado de la herencia espa\u00f1ola, tambi\u00e9n destacan la Compa\u00f1\u00eda de Jes\u00fas (considerada una de las iglesias m\u00e1s bellas del continente), la Catedral y la iglesia de la Merced.<\/p>\n<p><img loading=\"lazy\" decoding=\"async\" class=\"aligncenter wp-image-1165 size-full\" src=\"http:\/\/www.elkaminante.com.uy\/wp-content\/uploads\/2015\/06\/cuzco02.jpg\" alt=\"\" width=\"582\" height=\"336\"><\/p>\n<p>La ciudad de Cusco es una muestra impresionante de la alta ingenier\u00eda incaica que domin\u00f3 la piedra como en Choquequirao, Sacsayhuaman, Qenko, Tambomachay, Ollantaytambo y una de las nuevas siete maravillas del mundo, Machu Picchu, la joya inca. En cada piedra, en cada and\u00e9n y en cada acueducto se refleja la sabidur\u00eda y el arte del imperio inca.<\/p>\n<p>Encontraremos etra\u00f1ables atracciones y paisajes como el Valle Sagrado, con andener\u00edas que visten las monta\u00f1as y pintorescos pueblos donde el pasado forma parte del presente. Cusco realmente es el ombligo del mundo y es especialmente atractiva para los interesados en la arqueolog\u00eda, aficionados a las tradiciones populares, amantes del turismo vivencial y coleccionistas de artesan\u00edas.<\/p>\n<p>&nbsp;<\/p>\n[su_button url=&#8221;http:\/\/www.elkaminante.com.uy\/tours_post\/a-la-tierra-de-los-incas\/&#8221; size=&#8221;4&#8243; center=&#8221;yes&#8221; icon=&#8221;icon: chevron-right&#8221;]M\u00e1s info y reservas online aqu\u00ed[\/su_button]\n<p>&nbsp;<\/p>\n<p>&nbsp;<\/p>\n","protected":false},"excerpt":{"rendered":"<p>En la ma\u00f1ana, al despertar en San Carlos de Puno, continuamos nuestro viaje A&nbsp;La Tierra De Los Incas. Visitamos la Isla de los Uros, conjunto de islas flotantes formadas en base a totora, habitada por pobladores ind\u00edgenas y seguimos viaje hasta llegar a Cuzco, donde nos alojaremos. Capital hist\u00f3rica del Per\u00fa, fue capital del Imperio&hellip;<\/p>\n","protected":false},"author":2,"featured_media":5676,"comment_status":"closed","ping_status":"closed","sticky":false,"template":"","format":"standard","meta":{"_acf_changed":false,"inline_featured_image":false,"footnotes":""},"categories":[39],"tags":[],"class_list":["post-1158","post","type-post","status-publish","format-standard","has-post-thumbnail","hentry","category-la-tierra-de-los-incas","entry","has-media"],"acf":[],"yoast_head":"<!-- This site is optimized with the Yoast SEO plugin v27.2 - https:\/\/yoast.com\/product\/yoast-seo-wordpress\/ -->\n<title>Cuzco - A la Tierra de los Incas<\/title>\n<meta name=\"robots\" content=\"index, follow, max-snippet:-1, max-image-preview:large, max-video-preview:-1\" \/>\n<link rel=\"canonical\" href=\"https:\/\/elkaminante.com.uy\/blog\/cuzco-a-la-tierra-de-los-incas\/\" \/>\n<meta property=\"og:locale\" content=\"en_US\" \/>\n<meta property=\"og:type\" content=\"article\" \/>\n<meta property=\"og:title\" content=\"Cuzco - A la Tierra de los Incas\" \/>\n<meta property=\"og:description\" content=\"En la ma\u00f1ana, al despertar en San Carlos de Puno, continuamos nuestro viaje A&nbsp;La Tierra De Los Incas. Visitamos la Isla de los Uros, conjunto de islas flotantes formadas en base a totora, habitada por pobladores ind\u00edgenas y seguimos viaje hasta llegar a Cuzco, donde nos alojaremos. Capital hist\u00f3rica del Per\u00fa, fue capital del Imperio&hellip;\" \/>\n<meta property=\"og:url\" content=\"https:\/\/elkaminante.com.uy\/blog\/cuzco-a-la-tierra-de-los-incas\/\" \/>\n<meta property=\"og:site_name\" content=\"El Kaminante\" \/>\n<meta property=\"article:published_time\" content=\"2015-06-10T16:51:03+00:00\" \/>\n<meta property=\"og:image\" content=\"https:\/\/elkaminante.com.uy\/wp-content\/uploads\/2019\/06\/portadacuzco-1600x362-1.jpg\" \/>\n\t<meta property=\"og:image:width\" content=\"1600\" \/>\n\t<meta property=\"og:image:height\" content=\"362\" \/>\n\t<meta property=\"og:image:type\" content=\"image\/jpeg\" \/>\n<meta name=\"author\" content=\"El Kaminante\" \/>\n<meta name=\"twitter:card\" content=\"summary_large_image\" \/>\n<meta name=\"twitter:label1\" content=\"Written by\" \/>\n\t<meta name=\"twitter:data1\" content=\"El Kaminante\" \/>\n\t<meta name=\"twitter:label2\" content=\"Est. reading time\" \/>\n\t<meta name=\"twitter:data2\" content=\"3 minutes\" \/>\n<script type=\"application\/ld+json\" class=\"yoast-schema-graph\">{\"@context\":\"https:\/\/schema.org\",\"@graph\":[{\"@type\":\"Article\",\"@id\":\"https:\/\/elkaminante.com.uy\/blog\/cuzco-a-la-tierra-de-los-incas\/#article\",\"isPartOf\":{\"@id\":\"https:\/\/elkaminante.com.uy\/blog\/cuzco-a-la-tierra-de-los-incas\/\"},\"author\":{\"name\":\"El Kaminante\",\"@id\":\"https:\/\/elkaminante.com.uy\/#\/schema\/person\/3bef2e6076b30f7fb49c2ebfef68e158\"},\"headline\":\"Cuzco &#8211; A la Tierra de los Incas\",\"datePublished\":\"2015-06-10T16:51:03+00:00\",\"mainEntityOfPage\":{\"@id\":\"https:\/\/elkaminante.com.uy\/blog\/cuzco-a-la-tierra-de-los-incas\/\"},\"wordCount\":543,\"publisher\":{\"@id\":\"https:\/\/elkaminante.com.uy\/#organization\"},\"image\":{\"@id\":\"https:\/\/elkaminante.com.uy\/blog\/cuzco-a-la-tierra-de-los-incas\/#primaryimage\"},\"thumbnailUrl\":\"https:\/\/elkaminante.com.uy\/wp-content\/uploads\/2019\/06\/portadacuzco-1600x362-1.jpg\",\"articleSection\":[\"La Tierra de los Incas\"],\"inLanguage\":\"en-US\"},{\"@type\":\"WebPage\",\"@id\":\"https:\/\/elkaminante.com.uy\/blog\/cuzco-a-la-tierra-de-los-incas\/\",\"url\":\"https:\/\/elkaminante.com.uy\/blog\/cuzco-a-la-tierra-de-los-incas\/\",\"name\":\"Cuzco - A la Tierra de los Incas\",\"isPartOf\":{\"@id\":\"https:\/\/elkaminante.com.uy\/#website\"},\"primaryImageOfPage\":{\"@id\":\"https:\/\/elkaminante.com.uy\/blog\/cuzco-a-la-tierra-de-los-incas\/#primaryimage\"},\"image\":{\"@id\":\"https:\/\/elkaminante.com.uy\/blog\/cuzco-a-la-tierra-de-los-incas\/#primaryimage\"},\"thumbnailUrl\":\"https:\/\/elkaminante.com.uy\/wp-content\/uploads\/2019\/06\/portadacuzco-1600x362-1.jpg\",\"datePublished\":\"2015-06-10T16:51:03+00:00\",\"breadcrumb\":{\"@id\":\"https:\/\/elkaminante.com.uy\/blog\/cuzco-a-la-tierra-de-los-incas\/#breadcrumb\"},\"inLanguage\":\"en-US\",\"potentialAction\":[{\"@type\":\"ReadAction\",\"target\":[\"https:\/\/elkaminante.com.uy\/blog\/cuzco-a-la-tierra-de-los-incas\/\"]}]},{\"@type\":\"ImageObject\",\"inLanguage\":\"en-US\",\"@id\":\"https:\/\/elkaminante.com.uy\/blog\/cuzco-a-la-tierra-de-los-incas\/#primaryimage\",\"url\":\"https:\/\/elkaminante.com.uy\/wp-content\/uploads\/2019\/06\/portadacuzco-1600x362-1.jpg\",\"contentUrl\":\"https:\/\/elkaminante.com.uy\/wp-content\/uploads\/2019\/06\/portadacuzco-1600x362-1.jpg\",\"width\":1600,\"height\":362},{\"@type\":\"BreadcrumbList\",\"@id\":\"https:\/\/elkaminante.com.uy\/blog\/cuzco-a-la-tierra-de-los-incas\/#breadcrumb\",\"itemListElement\":[{\"@type\":\"ListItem\",\"position\":1,\"name\":\"Inicio\",\"item\":\"https:\/\/elkaminante.com.uy\/en\/\"},{\"@type\":\"ListItem\",\"position\":2,\"name\":\"Cuzco &#8211; A la Tierra de los Incas\"}]},{\"@type\":\"WebSite\",\"@id\":\"https:\/\/elkaminante.com.uy\/#website\",\"url\":\"https:\/\/elkaminante.com.uy\/\",\"name\":\"El Kaminante\",\"description\":\"Viajes &amp; Turismo\",\"publisher\":{\"@id\":\"https:\/\/elkaminante.com.uy\/#organization\"},\"potentialAction\":[{\"@type\":\"SearchAction\",\"target\":{\"@type\":\"EntryPoint\",\"urlTemplate\":\"https:\/\/elkaminante.com.uy\/?s={search_term_string}\"},\"query-input\":{\"@type\":\"PropertyValueSpecification\",\"valueRequired\":true,\"valueName\":\"search_term_string\"}}],\"inLanguage\":\"en-US\"},{\"@type\":\"Organization\",\"@id\":\"https:\/\/elkaminante.com.uy\/#organization\",\"name\":\"El Kaminante\",\"url\":\"https:\/\/elkaminante.com.uy\/\",\"logo\":{\"@type\":\"ImageObject\",\"inLanguage\":\"en-US\",\"@id\":\"https:\/\/elkaminante.com.uy\/#\/schema\/logo\/image\/\",\"url\":\"https:\/\/elkaminante.com.uy\/wp-content\/uploads\/2025\/02\/logo-elkaminante-blanco.svg\",\"contentUrl\":\"https:\/\/elkaminante.com.uy\/wp-content\/uploads\/2025\/02\/logo-elkaminante-blanco.svg\",\"caption\":\"El Kaminante\"},\"image\":{\"@id\":\"https:\/\/elkaminante.com.uy\/#\/schema\/logo\/image\/\"}},{\"@type\":\"Person\",\"@id\":\"https:\/\/elkaminante.com.uy\/#\/schema\/person\/3bef2e6076b30f7fb49c2ebfef68e158\",\"name\":\"El Kaminante\",\"image\":{\"@type\":\"ImageObject\",\"inLanguage\":\"en-US\",\"@id\":\"https:\/\/secure.gravatar.com\/avatar\/e323e6b9b7e9228f473a6bf0248544fb5734b5446609827abc7d3805b450f589?s=96&d=mm&r=g\",\"url\":\"https:\/\/secure.gravatar.com\/avatar\/e323e6b9b7e9228f473a6bf0248544fb5734b5446609827abc7d3805b450f589?s=96&d=mm&r=g\",\"contentUrl\":\"https:\/\/secure.gravatar.com\/avatar\/e323e6b9b7e9228f473a6bf0248544fb5734b5446609827abc7d3805b450f589?s=96&d=mm&r=g\",\"caption\":\"El Kaminante\"},\"description\":\"Viajes &amp; Turismo\"}]}<\/script>\n<!-- \/ Yoast SEO plugin. -->","yoast_head_json":{"title":"Cuzco - A la Tierra de los Incas","robots":{"index":"index","follow":"follow","max-snippet":"max-snippet:-1","max-image-preview":"max-image-preview:large","max-video-preview":"max-video-preview:-1"},"canonical":"https:\/\/elkaminante.com.uy\/blog\/cuzco-a-la-tierra-de-los-incas\/","og_locale":"en_US","og_type":"article","og_title":"Cuzco - A la Tierra de los Incas","og_description":"En la ma\u00f1ana, al despertar en San Carlos de Puno, continuamos nuestro viaje A&nbsp;La Tierra De Los Incas. Visitamos la Isla de los Uros, conjunto de islas flotantes formadas en base a totora, habitada por pobladores ind\u00edgenas y seguimos viaje hasta llegar a Cuzco, donde nos alojaremos. Capital hist\u00f3rica del Per\u00fa, fue capital del Imperio&hellip;","og_url":"https:\/\/elkaminante.com.uy\/blog\/cuzco-a-la-tierra-de-los-incas\/","og_site_name":"El Kaminante","article_published_time":"2015-06-10T16:51:03+00:00","og_image":[{"width":1600,"height":362,"url":"https:\/\/elkaminante.com.uy\/wp-content\/uploads\/2019\/06\/portadacuzco-1600x362-1.jpg","type":"image\/jpeg"}],"author":"El Kaminante","twitter_card":"summary_large_image","twitter_misc":{"Written by":"El Kaminante","Est. reading time":"3 minutes"},"schema":{"@context":"https:\/\/schema.org","@graph":[{"@type":"Article","@id":"https:\/\/elkaminante.com.uy\/blog\/cuzco-a-la-tierra-de-los-incas\/#article","isPartOf":{"@id":"https:\/\/elkaminante.com.uy\/blog\/cuzco-a-la-tierra-de-los-incas\/"},"author":{"name":"El Kaminante","@id":"https:\/\/elkaminante.com.uy\/#\/schema\/person\/3bef2e6076b30f7fb49c2ebfef68e158"},"headline":"Cuzco &#8211; A la Tierra de los Incas","datePublished":"2015-06-10T16:51:03+00:00","mainEntityOfPage":{"@id":"https:\/\/elkaminante.com.uy\/blog\/cuzco-a-la-tierra-de-los-incas\/"},"wordCount":543,"publisher":{"@id":"https:\/\/elkaminante.com.uy\/#organization"},"image":{"@id":"https:\/\/elkaminante.com.uy\/blog\/cuzco-a-la-tierra-de-los-incas\/#primaryimage"},"thumbnailUrl":"https:\/\/elkaminante.com.uy\/wp-content\/uploads\/2019\/06\/portadacuzco-1600x362-1.jpg","articleSection":["La Tierra de los Incas"],"inLanguage":"en-US"},{"@type":"WebPage","@id":"https:\/\/elkaminante.com.uy\/blog\/cuzco-a-la-tierra-de-los-incas\/","url":"https:\/\/elkaminante.com.uy\/blog\/cuzco-a-la-tierra-de-los-incas\/","name":"Cuzco - A la Tierra de los Incas","isPartOf":{"@id":"https:\/\/elkaminante.com.uy\/#website"},"primaryImageOfPage":{"@id":"https:\/\/elkaminante.com.uy\/blog\/cuzco-a-la-tierra-de-los-incas\/#primaryimage"},"image":{"@id":"https:\/\/elkaminante.com.uy\/blog\/cuzco-a-la-tierra-de-los-incas\/#primaryimage"},"thumbnailUrl":"https:\/\/elkaminante.com.uy\/wp-content\/uploads\/2019\/06\/portadacuzco-1600x362-1.jpg","datePublished":"2015-06-10T16:51:03+00:00","breadcrumb":{"@id":"https:\/\/elkaminante.com.uy\/blog\/cuzco-a-la-tierra-de-los-incas\/#breadcrumb"},"inLanguage":"en-US","potentialAction":[{"@type":"ReadAction","target":["https:\/\/elkaminante.com.uy\/blog\/cuzco-a-la-tierra-de-los-incas\/"]}]},{"@type":"ImageObject","inLanguage":"en-US","@id":"https:\/\/elkaminante.com.uy\/blog\/cuzco-a-la-tierra-de-los-incas\/#primaryimage","url":"https:\/\/elkaminante.com.uy\/wp-content\/uploads\/2019\/06\/portadacuzco-1600x362-1.jpg","contentUrl":"https:\/\/elkaminante.com.uy\/wp-content\/uploads\/2019\/06\/portadacuzco-1600x362-1.jpg","width":1600,"height":362},{"@type":"BreadcrumbList","@id":"https:\/\/elkaminante.com.uy\/blog\/cuzco-a-la-tierra-de-los-incas\/#breadcrumb","itemListElement":[{"@type":"ListItem","position":1,"name":"Inicio","item":"https:\/\/elkaminante.com.uy\/en\/"},{"@type":"ListItem","position":2,"name":"Cuzco &#8211; A la Tierra de los Incas"}]},{"@type":"WebSite","@id":"https:\/\/elkaminante.com.uy\/#website","url":"https:\/\/elkaminante.com.uy\/","name":"El Kaminante","description":"Viajes &amp; Turismo","publisher":{"@id":"https:\/\/elkaminante.com.uy\/#organization"},"potentialAction":[{"@type":"SearchAction","target":{"@type":"EntryPoint","urlTemplate":"https:\/\/elkaminante.com.uy\/?s={search_term_string}"},"query-input":{"@type":"PropertyValueSpecification","valueRequired":true,"valueName":"search_term_string"}}],"inLanguage":"en-US"},{"@type":"Organization","@id":"https:\/\/elkaminante.com.uy\/#organization","name":"El Kaminante","url":"https:\/\/elkaminante.com.uy\/","logo":{"@type":"ImageObject","inLanguage":"en-US","@id":"https:\/\/elkaminante.com.uy\/#\/schema\/logo\/image\/","url":"https:\/\/elkaminante.com.uy\/wp-content\/uploads\/2025\/02\/logo-elkaminante-blanco.svg","contentUrl":"https:\/\/elkaminante.com.uy\/wp-content\/uploads\/2025\/02\/logo-elkaminante-blanco.svg","caption":"El Kaminante"},"image":{"@id":"https:\/\/elkaminante.com.uy\/#\/schema\/logo\/image\/"}},{"@type":"Person","@id":"https:\/\/elkaminante.com.uy\/#\/schema\/person\/3bef2e6076b30f7fb49c2ebfef68e158","name":"El Kaminante","image":{"@type":"ImageObject","inLanguage":"en-US","@id":"https:\/\/secure.gravatar.com\/avatar\/e323e6b9b7e9228f473a6bf0248544fb5734b5446609827abc7d3805b450f589?s=96&d=mm&r=g","url":"https:\/\/secure.gravatar.com\/avatar\/e323e6b9b7e9228f473a6bf0248544fb5734b5446609827abc7d3805b450f589?s=96&d=mm&r=g","contentUrl":"https:\/\/secure.gravatar.com\/avatar\/e323e6b9b7e9228f473a6bf0248544fb5734b5446609827abc7d3805b450f589?s=96&d=mm&r=g","caption":"El Kaminante"},"description":"Viajes &amp; Turismo"}]}},"_links":{"self":[{"href":"https:\/\/elkaminante.com.uy\/en\/wp-json\/wp\/v2\/posts\/1158","targetHints":{"allow":["GET"]}}],"collection":[{"href":"https:\/\/elkaminante.com.uy\/en\/wp-json\/wp\/v2\/posts"}],"about":[{"href":"https:\/\/elkaminante.com.uy\/en\/wp-json\/wp\/v2\/types\/post"}],"author":[{"embeddable":true,"href":"https:\/\/elkaminante.com.uy\/en\/wp-json\/wp\/v2\/users\/2"}],"replies":[{"embeddable":true,"href":"https:\/\/elkaminante.com.uy\/en\/wp-json\/wp\/v2\/comments?post=1158"}],"version-history":[{"count":0,"href":"https:\/\/elkaminante.com.uy\/en\/wp-json\/wp\/v2\/posts\/1158\/revisions"}],"wp:featuredmedia":[{"embeddable":true,"href":"https:\/\/elkaminante.com.uy\/en\/wp-json\/wp\/v2\/media\/5676"}],"wp:attachment":[{"href":"https:\/\/elkaminante.com.uy\/en\/wp-json\/wp\/v2\/media?parent=1158"}],"wp:term":[{"taxonomy":"category","embeddable":true,"href":"https:\/\/elkaminante.com.uy\/en\/wp-json\/wp\/v2\/categories?post=1158"},{"taxonomy":"post_tag","embeddable":true,"href":"https:\/\/elkaminante.com.uy\/en\/wp-json\/wp\/v2\/tags?post=1158"}],"curies":[{"name":"wp","href":"https:\/\/api.w.org\/{rel}","templated":true}]}}