{"id":1142,"date":"2015-06-01T11:23:44","date_gmt":"2015-06-01T13:23:44","guid":{"rendered":"http:\/\/www.elkaminante.com.uy\/?p=1142"},"modified":"2015-06-01T11:23:44","modified_gmt":"2015-06-01T13:23:44","slug":"san-pedro-de-tacna-a-la-tierra-de-los-incas","status":"publish","type":"post","link":"https:\/\/elkaminante.com.uy\/en\/blog\/san-pedro-de-tacna-a-la-tierra-de-los-incas\/","title":{"rendered":"San Pedro de Tacna \u2013 A la Tierra de los Incas"},"content":{"rendered":"<p><img loading=\"lazy\" decoding=\"async\" class=\"aligncenter size-full wp-image-1144\" src=\"http:\/\/www.elkaminante.com.uy\/wp-content\/uploads\/2015\/06\/tacna01.png\" alt=\"tacna01\" width=\"582\" height=\"336\"><\/p>\n<p>Luego de nuestra estad\u00eda en <a href=\"http:\/\/www.elkaminante.com.uy\/san-pedro-de-atacama-a-la-tierra-de-los-incas\/\" target=\"_blank\" rel=\"noopener noreferrer\">San Pedro de Atacama<\/a>, continuamos nuestro viaje por <a href=\"http:\/\/www.elkaminante.com.uy\/tours_post\/a-la-tierra-de-los-incas\/\">La Tierra De Los Incas<\/a>, hacia el norte, pudiendo ver a la vera del camino algunos petroglifos y valles f\u00e9rtiles que nos har\u00e1n ameno el \u00e1rido paisaje atacame\u00f1o.<\/p>\n<p>Dejamos Chile y entramos en&nbsp;Per\u00fa,&nbsp;para alojarnos en <strong>San Pedro de&nbsp;Tacna<\/strong>, ciudad de la eterna primavera.<\/p>\n<p>Pocas ciudades del Per\u00fa pueden ofrecernos tantos testimonios hist\u00f3ricos y tradiciones como los que podemos vivir en una visita a la heroica ciudad de <strong>Tacna<\/strong>. Llamada originalmente T\u00e1kana, por los nativos, y San Pedro de Tacna, por los conquistadores espa\u00f1oles.<\/p>\n<p>De clima templado, gente amable y con un gran movimiento comercial, est\u00e1 ubicada a unos 52 km de la frontera con Chile. A la llegada de los espa\u00f1oles en el siglo XVI, se difundi\u00f3 el cultivo de la vid, por lo que actualmente se pueden visitar bodegas vitivin\u00edcolas, donde se producen excelentes vinos y piscos. En sus parques y avenidas proliferan monumentos, bustos y otros elementos en alusi\u00f3n a los h\u00e9roes peruanos que lucharon en las guerras de la Independencia y del Pac\u00edfico.<\/p>\n<p><img loading=\"lazy\" decoding=\"async\" class=\"aligncenter size-full wp-image-1145\" src=\"http:\/\/www.elkaminante.com.uy\/wp-content\/uploads\/2015\/06\/tacna02.png\" alt=\"tacna02\" width=\"582\" height=\"336\"><\/p>\n<p>Las calles de la ciudad de <strong>Tacna<\/strong> respiran historia y llaman la atenci\u00f3n por su limpieza y ornato. La Catedral, impactante construcci\u00f3n de estilo neorrenacentista est\u00e1 ubicada en plena Plaza de Armas. All\u00ed mismo puede apreciarse una espectacular pileta ornamental, decorada con minuciosas esculturas gran\u00edticas.<\/p>\n<p>Los lugares de mayor inter\u00e9s tur\u00edstico en la ciudad son la casa del precursor Francisco Antonio de Zela, donde se dio en 1811 el primer grito de libertad; el Museo Ferroviario, de un gran valor hist\u00f3rico y arquitect\u00f3nico pues conserva la mayor\u00eda de sus elementos originales; el Arco Parab\u00f3lico, levantado en honor a los h\u00e9roes Miguel Grau y Francisco Bolognesi, y la alameda Bolognesi, considerada una de las m\u00e1s hermosas, rom\u00e1nticas y pintorescas de la ciudad.<\/p>\n[su_button url=&#8221;http:\/\/www.elkaminante.com.uy\/tours_post\/a-la-tierra-de-los-incas\/&#8221; size=&#8221;4&#8243; center=&#8221;yes&#8221; icon=&#8221;icon: chevron-right&#8221;]M\u00e1s info y reservas online aqu\u00ed[\/su_button]\n<p>&nbsp;<\/p>\n","protected":false},"excerpt":{"rendered":"<p>Luego de nuestra estad\u00eda en San Pedro de Atacama, continuamos nuestro viaje por La Tierra De Los Incas, hacia el norte, pudiendo ver a la vera del camino algunos petroglifos y valles f\u00e9rtiles que nos har\u00e1n ameno el \u00e1rido paisaje atacame\u00f1o. Dejamos Chile y entramos en&nbsp;Per\u00fa,&nbsp;para alojarnos en San Pedro de&nbsp;Tacna, ciudad de la eterna&hellip;<\/p>\n","protected":false},"author":2,"featured_media":5858,"comment_status":"closed","ping_status":"closed","sticky":false,"template":"","format":"standard","meta":{"_acf_changed":false,"inline_featured_image":false,"footnotes":""},"categories":[39],"tags":[],"class_list":["post-1142","post","type-post","status-publish","format-standard","has-post-thumbnail","hentry","category-la-tierra-de-los-incas","entry","has-media"],"acf":[],"yoast_head":"<!-- This site is optimized with the Yoast SEO plugin v27.2 - https:\/\/yoast.com\/product\/yoast-seo-wordpress\/ -->\n<title>San Pedro de Tacna \u2013 A la Tierra de los Incas<\/title>\n<meta name=\"robots\" content=\"index, follow, max-snippet:-1, max-image-preview:large, max-video-preview:-1\" \/>\n<link rel=\"canonical\" href=\"https:\/\/elkaminante.com.uy\/blog\/san-pedro-de-tacna-a-la-tierra-de-los-incas\/\" \/>\n<meta property=\"og:locale\" content=\"en_US\" \/>\n<meta property=\"og:type\" content=\"article\" \/>\n<meta property=\"og:title\" content=\"San Pedro de Tacna \u2013 A la Tierra de los Incas\" \/>\n<meta property=\"og:description\" content=\"Luego de nuestra estad\u00eda en San Pedro de Atacama, continuamos nuestro viaje por La Tierra De Los Incas, hacia el norte, pudiendo ver a la vera del camino algunos petroglifos y valles f\u00e9rtiles que nos har\u00e1n ameno el \u00e1rido paisaje atacame\u00f1o. Dejamos Chile y entramos en&nbsp;Per\u00fa,&nbsp;para alojarnos en San Pedro de&nbsp;Tacna, ciudad de la eterna&hellip;\" \/>\n<meta property=\"og:url\" content=\"https:\/\/elkaminante.com.uy\/blog\/san-pedro-de-tacna-a-la-tierra-de-los-incas\/\" \/>\n<meta property=\"og:site_name\" content=\"El Kaminante\" \/>\n<meta property=\"article:published_time\" content=\"2015-06-01T13:23:44+00:00\" \/>\n<meta property=\"og:image\" content=\"https:\/\/elkaminante.com.uy\/wp-content\/uploads\/2019\/06\/portadatacna-1600x362-1.png\" \/>\n\t<meta property=\"og:image:width\" content=\"1600\" \/>\n\t<meta property=\"og:image:height\" content=\"362\" \/>\n\t<meta property=\"og:image:type\" content=\"image\/png\" \/>\n<meta name=\"author\" content=\"El Kaminante\" \/>\n<meta name=\"twitter:card\" content=\"summary_large_image\" \/>\n<meta name=\"twitter:label1\" content=\"Written by\" \/>\n\t<meta name=\"twitter:data1\" content=\"El Kaminante\" \/>\n\t<meta name=\"twitter:label2\" content=\"Est. reading time\" \/>\n\t<meta name=\"twitter:data2\" content=\"2 minutes\" \/>\n<script type=\"application\/ld+json\" class=\"yoast-schema-graph\">{\"@context\":\"https:\/\/schema.org\",\"@graph\":[{\"@type\":\"Article\",\"@id\":\"https:\/\/elkaminante.com.uy\/blog\/san-pedro-de-tacna-a-la-tierra-de-los-incas\/#article\",\"isPartOf\":{\"@id\":\"https:\/\/elkaminante.com.uy\/blog\/san-pedro-de-tacna-a-la-tierra-de-los-incas\/\"},\"author\":{\"name\":\"El Kaminante\",\"@id\":\"https:\/\/elkaminante.com.uy\/#\/schema\/person\/3bef2e6076b30f7fb49c2ebfef68e158\"},\"headline\":\"San Pedro de Tacna \u2013 A la Tierra de los Incas\",\"datePublished\":\"2015-06-01T13:23:44+00:00\",\"mainEntityOfPage\":{\"@id\":\"https:\/\/elkaminante.com.uy\/blog\/san-pedro-de-tacna-a-la-tierra-de-los-incas\/\"},\"wordCount\":365,\"publisher\":{\"@id\":\"https:\/\/elkaminante.com.uy\/#organization\"},\"image\":{\"@id\":\"https:\/\/elkaminante.com.uy\/blog\/san-pedro-de-tacna-a-la-tierra-de-los-incas\/#primaryimage\"},\"thumbnailUrl\":\"https:\/\/elkaminante.com.uy\/wp-content\/uploads\/2019\/06\/portadatacna-1600x362-1.png\",\"articleSection\":[\"La Tierra de los Incas\"],\"inLanguage\":\"en-US\"},{\"@type\":\"WebPage\",\"@id\":\"https:\/\/elkaminante.com.uy\/blog\/san-pedro-de-tacna-a-la-tierra-de-los-incas\/\",\"url\":\"https:\/\/elkaminante.com.uy\/blog\/san-pedro-de-tacna-a-la-tierra-de-los-incas\/\",\"name\":\"San Pedro de Tacna \u2013 A la Tierra de los Incas\",\"isPartOf\":{\"@id\":\"https:\/\/elkaminante.com.uy\/#website\"},\"primaryImageOfPage\":{\"@id\":\"https:\/\/elkaminante.com.uy\/blog\/san-pedro-de-tacna-a-la-tierra-de-los-incas\/#primaryimage\"},\"image\":{\"@id\":\"https:\/\/elkaminante.com.uy\/blog\/san-pedro-de-tacna-a-la-tierra-de-los-incas\/#primaryimage\"},\"thumbnailUrl\":\"https:\/\/elkaminante.com.uy\/wp-content\/uploads\/2019\/06\/portadatacna-1600x362-1.png\",\"datePublished\":\"2015-06-01T13:23:44+00:00\",\"breadcrumb\":{\"@id\":\"https:\/\/elkaminante.com.uy\/blog\/san-pedro-de-tacna-a-la-tierra-de-los-incas\/#breadcrumb\"},\"inLanguage\":\"en-US\",\"potentialAction\":[{\"@type\":\"ReadAction\",\"target\":[\"https:\/\/elkaminante.com.uy\/blog\/san-pedro-de-tacna-a-la-tierra-de-los-incas\/\"]}]},{\"@type\":\"ImageObject\",\"inLanguage\":\"en-US\",\"@id\":\"https:\/\/elkaminante.com.uy\/blog\/san-pedro-de-tacna-a-la-tierra-de-los-incas\/#primaryimage\",\"url\":\"https:\/\/elkaminante.com.uy\/wp-content\/uploads\/2019\/06\/portadatacna-1600x362-1.png\",\"contentUrl\":\"https:\/\/elkaminante.com.uy\/wp-content\/uploads\/2019\/06\/portadatacna-1600x362-1.png\",\"width\":1600,\"height\":362},{\"@type\":\"BreadcrumbList\",\"@id\":\"https:\/\/elkaminante.com.uy\/blog\/san-pedro-de-tacna-a-la-tierra-de-los-incas\/#breadcrumb\",\"itemListElement\":[{\"@type\":\"ListItem\",\"position\":1,\"name\":\"Inicio\",\"item\":\"https:\/\/elkaminante.com.uy\/en\/\"},{\"@type\":\"ListItem\",\"position\":2,\"name\":\"San Pedro de Tacna \u2013 A la Tierra de los Incas\"}]},{\"@type\":\"WebSite\",\"@id\":\"https:\/\/elkaminante.com.uy\/#website\",\"url\":\"https:\/\/elkaminante.com.uy\/\",\"name\":\"El Kaminante\",\"description\":\"Viajes &amp; Turismo\",\"publisher\":{\"@id\":\"https:\/\/elkaminante.com.uy\/#organization\"},\"potentialAction\":[{\"@type\":\"SearchAction\",\"target\":{\"@type\":\"EntryPoint\",\"urlTemplate\":\"https:\/\/elkaminante.com.uy\/?s={search_term_string}\"},\"query-input\":{\"@type\":\"PropertyValueSpecification\",\"valueRequired\":true,\"valueName\":\"search_term_string\"}}],\"inLanguage\":\"en-US\"},{\"@type\":\"Organization\",\"@id\":\"https:\/\/elkaminante.com.uy\/#organization\",\"name\":\"El Kaminante\",\"url\":\"https:\/\/elkaminante.com.uy\/\",\"logo\":{\"@type\":\"ImageObject\",\"inLanguage\":\"en-US\",\"@id\":\"https:\/\/elkaminante.com.uy\/#\/schema\/logo\/image\/\",\"url\":\"https:\/\/elkaminante.com.uy\/wp-content\/uploads\/2025\/02\/logo-elkaminante-blanco.svg\",\"contentUrl\":\"https:\/\/elkaminante.com.uy\/wp-content\/uploads\/2025\/02\/logo-elkaminante-blanco.svg\",\"caption\":\"El Kaminante\"},\"image\":{\"@id\":\"https:\/\/elkaminante.com.uy\/#\/schema\/logo\/image\/\"}},{\"@type\":\"Person\",\"@id\":\"https:\/\/elkaminante.com.uy\/#\/schema\/person\/3bef2e6076b30f7fb49c2ebfef68e158\",\"name\":\"El Kaminante\",\"image\":{\"@type\":\"ImageObject\",\"inLanguage\":\"en-US\",\"@id\":\"https:\/\/secure.gravatar.com\/avatar\/e323e6b9b7e9228f473a6bf0248544fb5734b5446609827abc7d3805b450f589?s=96&d=mm&r=g\",\"url\":\"https:\/\/secure.gravatar.com\/avatar\/e323e6b9b7e9228f473a6bf0248544fb5734b5446609827abc7d3805b450f589?s=96&d=mm&r=g\",\"contentUrl\":\"https:\/\/secure.gravatar.com\/avatar\/e323e6b9b7e9228f473a6bf0248544fb5734b5446609827abc7d3805b450f589?s=96&d=mm&r=g\",\"caption\":\"El Kaminante\"},\"description\":\"Viajes &amp; Turismo\"}]}<\/script>\n<!-- \/ Yoast SEO plugin. -->","yoast_head_json":{"title":"San Pedro de Tacna \u2013 A la Tierra de los Incas","robots":{"index":"index","follow":"follow","max-snippet":"max-snippet:-1","max-image-preview":"max-image-preview:large","max-video-preview":"max-video-preview:-1"},"canonical":"https:\/\/elkaminante.com.uy\/blog\/san-pedro-de-tacna-a-la-tierra-de-los-incas\/","og_locale":"en_US","og_type":"article","og_title":"San Pedro de Tacna \u2013 A la Tierra de los Incas","og_description":"Luego de nuestra estad\u00eda en San Pedro de Atacama, continuamos nuestro viaje por La Tierra De Los Incas, hacia el norte, pudiendo ver a la vera del camino algunos petroglifos y valles f\u00e9rtiles que nos har\u00e1n ameno el \u00e1rido paisaje atacame\u00f1o. Dejamos Chile y entramos en&nbsp;Per\u00fa,&nbsp;para alojarnos en San Pedro de&nbsp;Tacna, ciudad de la eterna&hellip;","og_url":"https:\/\/elkaminante.com.uy\/blog\/san-pedro-de-tacna-a-la-tierra-de-los-incas\/","og_site_name":"El Kaminante","article_published_time":"2015-06-01T13:23:44+00:00","og_image":[{"width":1600,"height":362,"url":"https:\/\/elkaminante.com.uy\/wp-content\/uploads\/2019\/06\/portadatacna-1600x362-1.png","type":"image\/png"}],"author":"El Kaminante","twitter_card":"summary_large_image","twitter_misc":{"Written by":"El Kaminante","Est. reading time":"2 minutes"},"schema":{"@context":"https:\/\/schema.org","@graph":[{"@type":"Article","@id":"https:\/\/elkaminante.com.uy\/blog\/san-pedro-de-tacna-a-la-tierra-de-los-incas\/#article","isPartOf":{"@id":"https:\/\/elkaminante.com.uy\/blog\/san-pedro-de-tacna-a-la-tierra-de-los-incas\/"},"author":{"name":"El Kaminante","@id":"https:\/\/elkaminante.com.uy\/#\/schema\/person\/3bef2e6076b30f7fb49c2ebfef68e158"},"headline":"San Pedro de Tacna \u2013 A la Tierra de los Incas","datePublished":"2015-06-01T13:23:44+00:00","mainEntityOfPage":{"@id":"https:\/\/elkaminante.com.uy\/blog\/san-pedro-de-tacna-a-la-tierra-de-los-incas\/"},"wordCount":365,"publisher":{"@id":"https:\/\/elkaminante.com.uy\/#organization"},"image":{"@id":"https:\/\/elkaminante.com.uy\/blog\/san-pedro-de-tacna-a-la-tierra-de-los-incas\/#primaryimage"},"thumbnailUrl":"https:\/\/elkaminante.com.uy\/wp-content\/uploads\/2019\/06\/portadatacna-1600x362-1.png","articleSection":["La Tierra de los Incas"],"inLanguage":"en-US"},{"@type":"WebPage","@id":"https:\/\/elkaminante.com.uy\/blog\/san-pedro-de-tacna-a-la-tierra-de-los-incas\/","url":"https:\/\/elkaminante.com.uy\/blog\/san-pedro-de-tacna-a-la-tierra-de-los-incas\/","name":"San Pedro de Tacna \u2013 A la Tierra de los Incas","isPartOf":{"@id":"https:\/\/elkaminante.com.uy\/#website"},"primaryImageOfPage":{"@id":"https:\/\/elkaminante.com.uy\/blog\/san-pedro-de-tacna-a-la-tierra-de-los-incas\/#primaryimage"},"image":{"@id":"https:\/\/elkaminante.com.uy\/blog\/san-pedro-de-tacna-a-la-tierra-de-los-incas\/#primaryimage"},"thumbnailUrl":"https:\/\/elkaminante.com.uy\/wp-content\/uploads\/2019\/06\/portadatacna-1600x362-1.png","datePublished":"2015-06-01T13:23:44+00:00","breadcrumb":{"@id":"https:\/\/elkaminante.com.uy\/blog\/san-pedro-de-tacna-a-la-tierra-de-los-incas\/#breadcrumb"},"inLanguage":"en-US","potentialAction":[{"@type":"ReadAction","target":["https:\/\/elkaminante.com.uy\/blog\/san-pedro-de-tacna-a-la-tierra-de-los-incas\/"]}]},{"@type":"ImageObject","inLanguage":"en-US","@id":"https:\/\/elkaminante.com.uy\/blog\/san-pedro-de-tacna-a-la-tierra-de-los-incas\/#primaryimage","url":"https:\/\/elkaminante.com.uy\/wp-content\/uploads\/2019\/06\/portadatacna-1600x362-1.png","contentUrl":"https:\/\/elkaminante.com.uy\/wp-content\/uploads\/2019\/06\/portadatacna-1600x362-1.png","width":1600,"height":362},{"@type":"BreadcrumbList","@id":"https:\/\/elkaminante.com.uy\/blog\/san-pedro-de-tacna-a-la-tierra-de-los-incas\/#breadcrumb","itemListElement":[{"@type":"ListItem","position":1,"name":"Inicio","item":"https:\/\/elkaminante.com.uy\/en\/"},{"@type":"ListItem","position":2,"name":"San Pedro de Tacna \u2013 A la Tierra de los Incas"}]},{"@type":"WebSite","@id":"https:\/\/elkaminante.com.uy\/#website","url":"https:\/\/elkaminante.com.uy\/","name":"El Kaminante","description":"Viajes &amp; Turismo","publisher":{"@id":"https:\/\/elkaminante.com.uy\/#organization"},"potentialAction":[{"@type":"SearchAction","target":{"@type":"EntryPoint","urlTemplate":"https:\/\/elkaminante.com.uy\/?s={search_term_string}"},"query-input":{"@type":"PropertyValueSpecification","valueRequired":true,"valueName":"search_term_string"}}],"inLanguage":"en-US"},{"@type":"Organization","@id":"https:\/\/elkaminante.com.uy\/#organization","name":"El Kaminante","url":"https:\/\/elkaminante.com.uy\/","logo":{"@type":"ImageObject","inLanguage":"en-US","@id":"https:\/\/elkaminante.com.uy\/#\/schema\/logo\/image\/","url":"https:\/\/elkaminante.com.uy\/wp-content\/uploads\/2025\/02\/logo-elkaminante-blanco.svg","contentUrl":"https:\/\/elkaminante.com.uy\/wp-content\/uploads\/2025\/02\/logo-elkaminante-blanco.svg","caption":"El Kaminante"},"image":{"@id":"https:\/\/elkaminante.com.uy\/#\/schema\/logo\/image\/"}},{"@type":"Person","@id":"https:\/\/elkaminante.com.uy\/#\/schema\/person\/3bef2e6076b30f7fb49c2ebfef68e158","name":"El Kaminante","image":{"@type":"ImageObject","inLanguage":"en-US","@id":"https:\/\/secure.gravatar.com\/avatar\/e323e6b9b7e9228f473a6bf0248544fb5734b5446609827abc7d3805b450f589?s=96&d=mm&r=g","url":"https:\/\/secure.gravatar.com\/avatar\/e323e6b9b7e9228f473a6bf0248544fb5734b5446609827abc7d3805b450f589?s=96&d=mm&r=g","contentUrl":"https:\/\/secure.gravatar.com\/avatar\/e323e6b9b7e9228f473a6bf0248544fb5734b5446609827abc7d3805b450f589?s=96&d=mm&r=g","caption":"El Kaminante"},"description":"Viajes &amp; Turismo"}]}},"_links":{"self":[{"href":"https:\/\/elkaminante.com.uy\/en\/wp-json\/wp\/v2\/posts\/1142","targetHints":{"allow":["GET"]}}],"collection":[{"href":"https:\/\/elkaminante.com.uy\/en\/wp-json\/wp\/v2\/posts"}],"about":[{"href":"https:\/\/elkaminante.com.uy\/en\/wp-json\/wp\/v2\/types\/post"}],"author":[{"embeddable":true,"href":"https:\/\/elkaminante.com.uy\/en\/wp-json\/wp\/v2\/users\/2"}],"replies":[{"embeddable":true,"href":"https:\/\/elkaminante.com.uy\/en\/wp-json\/wp\/v2\/comments?post=1142"}],"version-history":[{"count":0,"href":"https:\/\/elkaminante.com.uy\/en\/wp-json\/wp\/v2\/posts\/1142\/revisions"}],"wp:featuredmedia":[{"embeddable":true,"href":"https:\/\/elkaminante.com.uy\/en\/wp-json\/wp\/v2\/media\/5858"}],"wp:attachment":[{"href":"https:\/\/elkaminante.com.uy\/en\/wp-json\/wp\/v2\/media?parent=1142"}],"wp:term":[{"taxonomy":"category","embeddable":true,"href":"https:\/\/elkaminante.com.uy\/en\/wp-json\/wp\/v2\/categories?post=1142"},{"taxonomy":"post_tag","embeddable":true,"href":"https:\/\/elkaminante.com.uy\/en\/wp-json\/wp\/v2\/tags?post=1142"}],"curies":[{"name":"wp","href":"https:\/\/api.w.org\/{rel}","templated":true}]}}