{"id":1116,"date":"2015-05-21T12:03:33","date_gmt":"2015-05-21T14:03:33","guid":{"rendered":"http:\/\/www.elkaminante.com.uy\/?p=1116"},"modified":"2015-05-21T12:03:33","modified_gmt":"2015-05-21T14:03:33","slug":"visitamos-purmamarca-a-la-tierra-de-los-incas","status":"publish","type":"post","link":"https:\/\/elkaminante.com.uy\/en\/blog\/visitamos-purmamarca-a-la-tierra-de-los-incas\/","title":{"rendered":"Visitamos Purmamarca &#8211; A la Tierra de los Incas"},"content":{"rendered":"<p><img loading=\"lazy\" decoding=\"async\" class=\"alignnone wp-image-1123 size-full\" src=\"http:\/\/www.elkaminante.com.uy\/wp-content\/uploads\/2015\/05\/purmamarca-post-600px.jpg\" alt=\"purmamarca-post-600px\" width=\"600\" height=\"336\"><\/p>\n<p>Luego de nuestra estad\u00eda en San Salvador de Jujuy, donde nos alojamos despu\u00e9s de recorrer unos 1700 km,&nbsp;comenzamos a estribar las primeras elevaciones de la cordillera de los andes,&nbsp;disfrutando de sus diferentes accidentes geogr\u00e1ficos, selva, quebradas, salares, desiertos y cumbres&nbsp;heladas. <strong>El pr\u00f3ximo destino es&nbsp;Purmamarca.<\/strong><\/p>\n<p>Peque\u00f1a aldea de principios del siglo XVII de origen prehisp\u00e1nico, Purmamarca est\u00e1 ubicada a 2192 m.s.n.m. Se encuentra a 3 km al este de la Ruta Nacional N\u00ba 9, la cual la conecta con la ciudad capital de Jujuy tras recorrer 65 km de distancia.<\/p>\n<p>Purmamarca, &#8220;Pueblo de la Tierra Virgen&#8221; en lengua aimar\u00e1, est\u00e1 enclavada al pie del policrom\u00e1tico Cerro Siete Colores, que le otorga el contraste tur\u00edstico ideal, por deleitar los sentidos de los visitantes que pasan por la localidad.<\/p>\n<p>El clima de la regi\u00f3n es del tipo templado, con una amplitud t\u00e9rmica media anual de 20\u00ba C, con m\u00e1ximas de 25\u00ba y m\u00ednimas de 2\u00ba C.<\/p>\n<p>El ejido urbano con construcciones de adobe y techos de card\u00f3n con tortas de barro, fue trazado en torno a la iglesia principal de 1648, consagrada bajo Santa Rosa de Lima, hoy declarada Monumento Nacional, por su disposici\u00f3n arquitect\u00f3nica y por las pinturas e im\u00e1genes cuzque\u00f1as que posee en su interior.<\/p>\n<p>Sobre su plaza funciona permanentemente la feria artesanal donde es posible adquirir art\u00edculos regionales como vasijas, alfombras confeccionadas en telares, ponchos, instrumentos musicales y ropa t\u00edpica de la quebrada.<\/p>\n<p>Por los alrededores de Purmamarca se pude disfrutar del paisaje realizando trekking, cabalgatas o excursiones de turismo contemplativo por el lecho del r\u00edo hom\u00f3nimo, o por el Paseo de los Colorados, que posee hermosas vistas con conformaciones p\u00e9treas que fueron talladas naturalmente.<\/p>\n<p>Celebraciones comunitarias como el misa-chico, el culto a los difuntos o a la Pachamama y la m\u00fasica aut\u00f3ctona ejecutada con quenas, cajas, erques y sikus, entusiasman a los turistas y denotan el fuerte arraigo de la cultura del lugar.<\/p>\n<p>Una interesante infraestructura en alojamiento y la distintiva gastronom\u00eda, completan la oferta tur\u00edstica de Purmamarca.<\/p>\n<p>Fuente:&nbsp;<a href=\"http:\/\/www.welcomeargentina.com\/purmamarca\/\" target=\"_blank\" rel=\"noopener noreferrer\">welcomeargentina.com<\/a><\/p>\n[su_button url=&#8221;http:\/\/www.elkaminante.com.uy\/tours_post\/a-la-tierra-de-los-incas\/&#8221; size=&#8221;4&#8243; center=&#8221;yes&#8221; icon=&#8221;icon: chevron-right&#8221;]M\u00e1s info y reservas online aqu\u00ed[\/su_button]\n<p>&nbsp;<\/p>\n","protected":false},"excerpt":{"rendered":"<p>Luego de nuestra estad\u00eda en San Salvador de Jujuy, donde nos alojamos despu\u00e9s de recorrer unos 1700 km,&nbsp;comenzamos a estribar las primeras elevaciones de la cordillera de los andes,&nbsp;disfrutando de sus diferentes accidentes geogr\u00e1ficos, selva, quebradas, salares, desiertos y cumbres&nbsp;heladas. El pr\u00f3ximo destino es&nbsp;Purmamarca. Peque\u00f1a aldea de principios del siglo XVII de origen prehisp\u00e1nico, Purmamarca&hellip;<\/p>\n","protected":false},"author":2,"featured_media":5866,"comment_status":"closed","ping_status":"closed","sticky":false,"template":"","format":"standard","meta":{"_acf_changed":false,"inline_featured_image":false,"footnotes":""},"categories":[38],"tags":[],"class_list":["post-1116","post","type-post","status-publish","format-standard","has-post-thumbnail","hentry","category-novedades","entry","has-media"],"acf":[],"yoast_head":"<!-- This site is optimized with the Yoast SEO plugin v27.2 - https:\/\/yoast.com\/product\/yoast-seo-wordpress\/ -->\n<title>Visitamos Purmamarca - A la Tierra de los Incas<\/title>\n<meta name=\"robots\" content=\"index, follow, max-snippet:-1, max-image-preview:large, max-video-preview:-1\" \/>\n<link rel=\"canonical\" href=\"https:\/\/elkaminante.com.uy\/blog\/visitamos-purmamarca-a-la-tierra-de-los-incas\/\" \/>\n<meta property=\"og:locale\" content=\"en_US\" \/>\n<meta property=\"og:type\" content=\"article\" \/>\n<meta property=\"og:title\" content=\"Visitamos Purmamarca - A la Tierra de los Incas\" \/>\n<meta property=\"og:description\" content=\"Luego de nuestra estad\u00eda en San Salvador de Jujuy, donde nos alojamos despu\u00e9s de recorrer unos 1700 km,&nbsp;comenzamos a estribar las primeras elevaciones de la cordillera de los andes,&nbsp;disfrutando de sus diferentes accidentes geogr\u00e1ficos, selva, quebradas, salares, desiertos y cumbres&nbsp;heladas. El pr\u00f3ximo destino es&nbsp;Purmamarca. Peque\u00f1a aldea de principios del siglo XVII de origen prehisp\u00e1nico, Purmamarca&hellip;\" \/>\n<meta property=\"og:url\" content=\"https:\/\/elkaminante.com.uy\/blog\/visitamos-purmamarca-a-la-tierra-de-los-incas\/\" \/>\n<meta property=\"og:site_name\" content=\"El Kaminante\" \/>\n<meta property=\"article:published_time\" content=\"2015-05-21T14:03:33+00:00\" \/>\n<meta property=\"og:image\" content=\"https:\/\/elkaminante.com.uy\/wp-content\/uploads\/2019\/06\/purmamarca-post-1600x362-1.jpg\" \/>\n\t<meta property=\"og:image:width\" content=\"1600\" \/>\n\t<meta property=\"og:image:height\" content=\"362\" \/>\n\t<meta property=\"og:image:type\" content=\"image\/jpeg\" \/>\n<meta name=\"author\" content=\"El Kaminante\" \/>\n<meta name=\"twitter:card\" content=\"summary_large_image\" \/>\n<meta name=\"twitter:label1\" content=\"Written by\" \/>\n\t<meta name=\"twitter:data1\" content=\"El Kaminante\" \/>\n\t<meta name=\"twitter:label2\" content=\"Est. reading time\" \/>\n\t<meta name=\"twitter:data2\" content=\"2 minutes\" \/>\n<script type=\"application\/ld+json\" class=\"yoast-schema-graph\">{\"@context\":\"https:\/\/schema.org\",\"@graph\":[{\"@type\":\"Article\",\"@id\":\"https:\/\/elkaminante.com.uy\/blog\/visitamos-purmamarca-a-la-tierra-de-los-incas\/#article\",\"isPartOf\":{\"@id\":\"https:\/\/elkaminante.com.uy\/blog\/visitamos-purmamarca-a-la-tierra-de-los-incas\/\"},\"author\":{\"name\":\"El Kaminante\",\"@id\":\"https:\/\/elkaminante.com.uy\/#\/schema\/person\/3bef2e6076b30f7fb49c2ebfef68e158\"},\"headline\":\"Visitamos Purmamarca &#8211; A la Tierra de los Incas\",\"datePublished\":\"2015-05-21T14:03:33+00:00\",\"mainEntityOfPage\":{\"@id\":\"https:\/\/elkaminante.com.uy\/blog\/visitamos-purmamarca-a-la-tierra-de-los-incas\/\"},\"wordCount\":397,\"publisher\":{\"@id\":\"https:\/\/elkaminante.com.uy\/#organization\"},\"image\":{\"@id\":\"https:\/\/elkaminante.com.uy\/blog\/visitamos-purmamarca-a-la-tierra-de-los-incas\/#primaryimage\"},\"thumbnailUrl\":\"https:\/\/elkaminante.com.uy\/wp-content\/uploads\/2019\/06\/purmamarca-post-1600x362-1.jpg\",\"articleSection\":[\"Novedades\"],\"inLanguage\":\"en-US\"},{\"@type\":\"WebPage\",\"@id\":\"https:\/\/elkaminante.com.uy\/blog\/visitamos-purmamarca-a-la-tierra-de-los-incas\/\",\"url\":\"https:\/\/elkaminante.com.uy\/blog\/visitamos-purmamarca-a-la-tierra-de-los-incas\/\",\"name\":\"Visitamos Purmamarca - A la Tierra de los Incas\",\"isPartOf\":{\"@id\":\"https:\/\/elkaminante.com.uy\/#website\"},\"primaryImageOfPage\":{\"@id\":\"https:\/\/elkaminante.com.uy\/blog\/visitamos-purmamarca-a-la-tierra-de-los-incas\/#primaryimage\"},\"image\":{\"@id\":\"https:\/\/elkaminante.com.uy\/blog\/visitamos-purmamarca-a-la-tierra-de-los-incas\/#primaryimage\"},\"thumbnailUrl\":\"https:\/\/elkaminante.com.uy\/wp-content\/uploads\/2019\/06\/purmamarca-post-1600x362-1.jpg\",\"datePublished\":\"2015-05-21T14:03:33+00:00\",\"breadcrumb\":{\"@id\":\"https:\/\/elkaminante.com.uy\/blog\/visitamos-purmamarca-a-la-tierra-de-los-incas\/#breadcrumb\"},\"inLanguage\":\"en-US\",\"potentialAction\":[{\"@type\":\"ReadAction\",\"target\":[\"https:\/\/elkaminante.com.uy\/blog\/visitamos-purmamarca-a-la-tierra-de-los-incas\/\"]}]},{\"@type\":\"ImageObject\",\"inLanguage\":\"en-US\",\"@id\":\"https:\/\/elkaminante.com.uy\/blog\/visitamos-purmamarca-a-la-tierra-de-los-incas\/#primaryimage\",\"url\":\"https:\/\/elkaminante.com.uy\/wp-content\/uploads\/2019\/06\/purmamarca-post-1600x362-1.jpg\",\"contentUrl\":\"https:\/\/elkaminante.com.uy\/wp-content\/uploads\/2019\/06\/purmamarca-post-1600x362-1.jpg\",\"width\":1600,\"height\":362},{\"@type\":\"BreadcrumbList\",\"@id\":\"https:\/\/elkaminante.com.uy\/blog\/visitamos-purmamarca-a-la-tierra-de-los-incas\/#breadcrumb\",\"itemListElement\":[{\"@type\":\"ListItem\",\"position\":1,\"name\":\"Inicio\",\"item\":\"https:\/\/elkaminante.com.uy\/en\/\"},{\"@type\":\"ListItem\",\"position\":2,\"name\":\"Visitamos Purmamarca &#8211; A la Tierra de los Incas\"}]},{\"@type\":\"WebSite\",\"@id\":\"https:\/\/elkaminante.com.uy\/#website\",\"url\":\"https:\/\/elkaminante.com.uy\/\",\"name\":\"El Kaminante\",\"description\":\"Viajes &amp; Turismo\",\"publisher\":{\"@id\":\"https:\/\/elkaminante.com.uy\/#organization\"},\"potentialAction\":[{\"@type\":\"SearchAction\",\"target\":{\"@type\":\"EntryPoint\",\"urlTemplate\":\"https:\/\/elkaminante.com.uy\/?s={search_term_string}\"},\"query-input\":{\"@type\":\"PropertyValueSpecification\",\"valueRequired\":true,\"valueName\":\"search_term_string\"}}],\"inLanguage\":\"en-US\"},{\"@type\":\"Organization\",\"@id\":\"https:\/\/elkaminante.com.uy\/#organization\",\"name\":\"El Kaminante\",\"url\":\"https:\/\/elkaminante.com.uy\/\",\"logo\":{\"@type\":\"ImageObject\",\"inLanguage\":\"en-US\",\"@id\":\"https:\/\/elkaminante.com.uy\/#\/schema\/logo\/image\/\",\"url\":\"https:\/\/elkaminante.com.uy\/wp-content\/uploads\/2025\/02\/logo-elkaminante-blanco.svg\",\"contentUrl\":\"https:\/\/elkaminante.com.uy\/wp-content\/uploads\/2025\/02\/logo-elkaminante-blanco.svg\",\"caption\":\"El Kaminante\"},\"image\":{\"@id\":\"https:\/\/elkaminante.com.uy\/#\/schema\/logo\/image\/\"}},{\"@type\":\"Person\",\"@id\":\"https:\/\/elkaminante.com.uy\/#\/schema\/person\/3bef2e6076b30f7fb49c2ebfef68e158\",\"name\":\"El Kaminante\",\"image\":{\"@type\":\"ImageObject\",\"inLanguage\":\"en-US\",\"@id\":\"https:\/\/secure.gravatar.com\/avatar\/e323e6b9b7e9228f473a6bf0248544fb5734b5446609827abc7d3805b450f589?s=96&d=mm&r=g\",\"url\":\"https:\/\/secure.gravatar.com\/avatar\/e323e6b9b7e9228f473a6bf0248544fb5734b5446609827abc7d3805b450f589?s=96&d=mm&r=g\",\"contentUrl\":\"https:\/\/secure.gravatar.com\/avatar\/e323e6b9b7e9228f473a6bf0248544fb5734b5446609827abc7d3805b450f589?s=96&d=mm&r=g\",\"caption\":\"El Kaminante\"},\"description\":\"Viajes &amp; Turismo\"}]}<\/script>\n<!-- \/ Yoast SEO plugin. -->","yoast_head_json":{"title":"Visitamos Purmamarca - A la Tierra de los Incas","robots":{"index":"index","follow":"follow","max-snippet":"max-snippet:-1","max-image-preview":"max-image-preview:large","max-video-preview":"max-video-preview:-1"},"canonical":"https:\/\/elkaminante.com.uy\/blog\/visitamos-purmamarca-a-la-tierra-de-los-incas\/","og_locale":"en_US","og_type":"article","og_title":"Visitamos Purmamarca - A la Tierra de los Incas","og_description":"Luego de nuestra estad\u00eda en San Salvador de Jujuy, donde nos alojamos despu\u00e9s de recorrer unos 1700 km,&nbsp;comenzamos a estribar las primeras elevaciones de la cordillera de los andes,&nbsp;disfrutando de sus diferentes accidentes geogr\u00e1ficos, selva, quebradas, salares, desiertos y cumbres&nbsp;heladas. El pr\u00f3ximo destino es&nbsp;Purmamarca. Peque\u00f1a aldea de principios del siglo XVII de origen prehisp\u00e1nico, Purmamarca&hellip;","og_url":"https:\/\/elkaminante.com.uy\/blog\/visitamos-purmamarca-a-la-tierra-de-los-incas\/","og_site_name":"El Kaminante","article_published_time":"2015-05-21T14:03:33+00:00","og_image":[{"width":1600,"height":362,"url":"https:\/\/elkaminante.com.uy\/wp-content\/uploads\/2019\/06\/purmamarca-post-1600x362-1.jpg","type":"image\/jpeg"}],"author":"El Kaminante","twitter_card":"summary_large_image","twitter_misc":{"Written by":"El Kaminante","Est. reading time":"2 minutes"},"schema":{"@context":"https:\/\/schema.org","@graph":[{"@type":"Article","@id":"https:\/\/elkaminante.com.uy\/blog\/visitamos-purmamarca-a-la-tierra-de-los-incas\/#article","isPartOf":{"@id":"https:\/\/elkaminante.com.uy\/blog\/visitamos-purmamarca-a-la-tierra-de-los-incas\/"},"author":{"name":"El Kaminante","@id":"https:\/\/elkaminante.com.uy\/#\/schema\/person\/3bef2e6076b30f7fb49c2ebfef68e158"},"headline":"Visitamos Purmamarca &#8211; A la Tierra de los Incas","datePublished":"2015-05-21T14:03:33+00:00","mainEntityOfPage":{"@id":"https:\/\/elkaminante.com.uy\/blog\/visitamos-purmamarca-a-la-tierra-de-los-incas\/"},"wordCount":397,"publisher":{"@id":"https:\/\/elkaminante.com.uy\/#organization"},"image":{"@id":"https:\/\/elkaminante.com.uy\/blog\/visitamos-purmamarca-a-la-tierra-de-los-incas\/#primaryimage"},"thumbnailUrl":"https:\/\/elkaminante.com.uy\/wp-content\/uploads\/2019\/06\/purmamarca-post-1600x362-1.jpg","articleSection":["Novedades"],"inLanguage":"en-US"},{"@type":"WebPage","@id":"https:\/\/elkaminante.com.uy\/blog\/visitamos-purmamarca-a-la-tierra-de-los-incas\/","url":"https:\/\/elkaminante.com.uy\/blog\/visitamos-purmamarca-a-la-tierra-de-los-incas\/","name":"Visitamos Purmamarca - A la Tierra de los Incas","isPartOf":{"@id":"https:\/\/elkaminante.com.uy\/#website"},"primaryImageOfPage":{"@id":"https:\/\/elkaminante.com.uy\/blog\/visitamos-purmamarca-a-la-tierra-de-los-incas\/#primaryimage"},"image":{"@id":"https:\/\/elkaminante.com.uy\/blog\/visitamos-purmamarca-a-la-tierra-de-los-incas\/#primaryimage"},"thumbnailUrl":"https:\/\/elkaminante.com.uy\/wp-content\/uploads\/2019\/06\/purmamarca-post-1600x362-1.jpg","datePublished":"2015-05-21T14:03:33+00:00","breadcrumb":{"@id":"https:\/\/elkaminante.com.uy\/blog\/visitamos-purmamarca-a-la-tierra-de-los-incas\/#breadcrumb"},"inLanguage":"en-US","potentialAction":[{"@type":"ReadAction","target":["https:\/\/elkaminante.com.uy\/blog\/visitamos-purmamarca-a-la-tierra-de-los-incas\/"]}]},{"@type":"ImageObject","inLanguage":"en-US","@id":"https:\/\/elkaminante.com.uy\/blog\/visitamos-purmamarca-a-la-tierra-de-los-incas\/#primaryimage","url":"https:\/\/elkaminante.com.uy\/wp-content\/uploads\/2019\/06\/purmamarca-post-1600x362-1.jpg","contentUrl":"https:\/\/elkaminante.com.uy\/wp-content\/uploads\/2019\/06\/purmamarca-post-1600x362-1.jpg","width":1600,"height":362},{"@type":"BreadcrumbList","@id":"https:\/\/elkaminante.com.uy\/blog\/visitamos-purmamarca-a-la-tierra-de-los-incas\/#breadcrumb","itemListElement":[{"@type":"ListItem","position":1,"name":"Inicio","item":"https:\/\/elkaminante.com.uy\/en\/"},{"@type":"ListItem","position":2,"name":"Visitamos Purmamarca &#8211; A la Tierra de los Incas"}]},{"@type":"WebSite","@id":"https:\/\/elkaminante.com.uy\/#website","url":"https:\/\/elkaminante.com.uy\/","name":"El Kaminante","description":"Viajes &amp; Turismo","publisher":{"@id":"https:\/\/elkaminante.com.uy\/#organization"},"potentialAction":[{"@type":"SearchAction","target":{"@type":"EntryPoint","urlTemplate":"https:\/\/elkaminante.com.uy\/?s={search_term_string}"},"query-input":{"@type":"PropertyValueSpecification","valueRequired":true,"valueName":"search_term_string"}}],"inLanguage":"en-US"},{"@type":"Organization","@id":"https:\/\/elkaminante.com.uy\/#organization","name":"El Kaminante","url":"https:\/\/elkaminante.com.uy\/","logo":{"@type":"ImageObject","inLanguage":"en-US","@id":"https:\/\/elkaminante.com.uy\/#\/schema\/logo\/image\/","url":"https:\/\/elkaminante.com.uy\/wp-content\/uploads\/2025\/02\/logo-elkaminante-blanco.svg","contentUrl":"https:\/\/elkaminante.com.uy\/wp-content\/uploads\/2025\/02\/logo-elkaminante-blanco.svg","caption":"El Kaminante"},"image":{"@id":"https:\/\/elkaminante.com.uy\/#\/schema\/logo\/image\/"}},{"@type":"Person","@id":"https:\/\/elkaminante.com.uy\/#\/schema\/person\/3bef2e6076b30f7fb49c2ebfef68e158","name":"El Kaminante","image":{"@type":"ImageObject","inLanguage":"en-US","@id":"https:\/\/secure.gravatar.com\/avatar\/e323e6b9b7e9228f473a6bf0248544fb5734b5446609827abc7d3805b450f589?s=96&d=mm&r=g","url":"https:\/\/secure.gravatar.com\/avatar\/e323e6b9b7e9228f473a6bf0248544fb5734b5446609827abc7d3805b450f589?s=96&d=mm&r=g","contentUrl":"https:\/\/secure.gravatar.com\/avatar\/e323e6b9b7e9228f473a6bf0248544fb5734b5446609827abc7d3805b450f589?s=96&d=mm&r=g","caption":"El Kaminante"},"description":"Viajes &amp; Turismo"}]}},"_links":{"self":[{"href":"https:\/\/elkaminante.com.uy\/en\/wp-json\/wp\/v2\/posts\/1116","targetHints":{"allow":["GET"]}}],"collection":[{"href":"https:\/\/elkaminante.com.uy\/en\/wp-json\/wp\/v2\/posts"}],"about":[{"href":"https:\/\/elkaminante.com.uy\/en\/wp-json\/wp\/v2\/types\/post"}],"author":[{"embeddable":true,"href":"https:\/\/elkaminante.com.uy\/en\/wp-json\/wp\/v2\/users\/2"}],"replies":[{"embeddable":true,"href":"https:\/\/elkaminante.com.uy\/en\/wp-json\/wp\/v2\/comments?post=1116"}],"version-history":[{"count":0,"href":"https:\/\/elkaminante.com.uy\/en\/wp-json\/wp\/v2\/posts\/1116\/revisions"}],"wp:featuredmedia":[{"embeddable":true,"href":"https:\/\/elkaminante.com.uy\/en\/wp-json\/wp\/v2\/media\/5866"}],"wp:attachment":[{"href":"https:\/\/elkaminante.com.uy\/en\/wp-json\/wp\/v2\/media?parent=1116"}],"wp:term":[{"taxonomy":"category","embeddable":true,"href":"https:\/\/elkaminante.com.uy\/en\/wp-json\/wp\/v2\/categories?post=1116"},{"taxonomy":"post_tag","embeddable":true,"href":"https:\/\/elkaminante.com.uy\/en\/wp-json\/wp\/v2\/tags?post=1116"}],"curies":[{"name":"wp","href":"https:\/\/api.w.org\/{rel}","templated":true}]}}