{"id":1078,"date":"2015-05-13T19:06:13","date_gmt":"2015-05-13T21:06:13","guid":{"rendered":"http:\/\/www.elkaminante.com.uy\/?p=1078"},"modified":"2015-05-13T19:06:13","modified_gmt":"2015-05-13T21:06:13","slug":"san-salvador-de-jujuy-a-la-tierra-de-los-incas","status":"publish","type":"post","link":"https:\/\/elkaminante.com.uy\/en\/blog\/san-salvador-de-jujuy-a-la-tierra-de-los-incas\/","title":{"rendered":"San Salvador de Jujuy &#8211; A la Tierra de los Incas"},"content":{"rendered":"<p><img decoding=\"async\" class=\"aligncenter wp-image-1080\" src=\"http:\/\/www.elkaminante.com.uy\/wp-content\/uploads\/2015\/05\/8d817e4415950420493acbc6f1af93b0-1024x680.jpg\" alt=\"8d817e4415950420493acbc6f1af93b0\" \/><\/p>\n<p><strong style=\"font-size: 110%;\">Uno de los\u00a0primeros destinos en nuestro viaje a\u00a0<a href=\"http:\/\/www.elkaminante.com.uy\/tours_post\/a-la-tierra-de-los-incas\" target=\"_blank\" rel=\"noopener noreferrer\">La Tierra de los Incas<\/a>.<\/strong><\/p>\n<p>Ubicada al sur de Jujuy, en la regi\u00f3n de los Valles Templados, es la capital de la provincia y uno de los circuitos b\u00e1sicos para comenzar a recorrerla.<\/p>\n<p>Un moderno proceso de expansi\u00f3n hizo que San Salvador de Jujuy creciera m\u00e1s all\u00e1 de la ladera de los cerros y esto provoc\u00f3 la unificaci\u00f3n de las recientes edificaciones con las antiguas construcciones de la \u00e9poca colonial.<\/p>\n<p>En todos los sitios de &#8220;la Tacita de Plata&#8221;, como suele denomin\u00e1rsele, se encuentran reminiscencias hisp\u00e1nicas, como las que posee la Catedral Bas\u00edlica, en pleno centro de la ciudad.<\/p>\n<p>Esta regi\u00f3n de Argentina\u00a0presenta montes, verdes planicies, r\u00edos, lagunas de ensue\u00f1o, con paisajes vistosos y climas agradables que hacen que el visitante pueda desarrollar actividades tales como trekking, turismo contemplativo, safaris fotogr\u00e1ficos y turismo cultural.<\/p>\n<p>Fuente\u00a0<a href=\"http:\/\/www.welcomeargentina.com\/jujuy\/\" target=\"_blank\" rel=\"noopener noreferrer\">welcomeargentina.com<\/a><\/p>\n","protected":false},"excerpt":{"rendered":"<p>Uno de los\u00a0primeros destinos en nuestro viaje a\u00a0La Tierra de los Incas. Ubicada al sur de Jujuy, en la regi\u00f3n de los Valles Templados, es la capital de la provincia y uno de los circuitos b\u00e1sicos para comenzar a recorrerla. Un moderno proceso de expansi\u00f3n hizo que San Salvador de Jujuy creciera m\u00e1s all\u00e1 de&hellip;<\/p>\n","protected":false},"author":2,"featured_media":5870,"comment_status":"closed","ping_status":"closed","sticky":false,"template":"","format":"standard","meta":{"_acf_changed":false,"inline_featured_image":false,"footnotes":""},"categories":[39],"tags":[],"class_list":["post-1078","post","type-post","status-publish","format-standard","has-post-thumbnail","hentry","category-la-tierra-de-los-incas","entry","has-media"],"acf":[],"yoast_head":"<!-- This site is optimized with the Yoast SEO plugin v27.2 - https:\/\/yoast.com\/product\/yoast-seo-wordpress\/ -->\n<title>San Salvador de Jujuy - A la Tierra de los Incas<\/title>\n<meta name=\"robots\" content=\"index, follow, max-snippet:-1, max-image-preview:large, max-video-preview:-1\" \/>\n<link rel=\"canonical\" href=\"https:\/\/elkaminante.com.uy\/blog\/san-salvador-de-jujuy-a-la-tierra-de-los-incas\/\" \/>\n<meta property=\"og:locale\" content=\"en_US\" \/>\n<meta property=\"og:type\" content=\"article\" \/>\n<meta property=\"og:title\" content=\"San Salvador de Jujuy - A la Tierra de los Incas\" \/>\n<meta property=\"og:description\" content=\"Uno de los\u00a0primeros destinos en nuestro viaje a\u00a0La Tierra de los Incas. Ubicada al sur de Jujuy, en la regi\u00f3n de los Valles Templados, es la capital de la provincia y uno de los circuitos b\u00e1sicos para comenzar a recorrerla. Un moderno proceso de expansi\u00f3n hizo que San Salvador de Jujuy creciera m\u00e1s all\u00e1 de&hellip;\" \/>\n<meta property=\"og:url\" content=\"https:\/\/elkaminante.com.uy\/blog\/san-salvador-de-jujuy-a-la-tierra-de-los-incas\/\" \/>\n<meta property=\"og:site_name\" content=\"El Kaminante\" \/>\n<meta property=\"article:published_time\" content=\"2015-05-13T21:06:13+00:00\" \/>\n<meta property=\"og:image\" content=\"https:\/\/elkaminante.com.uy\/wp-content\/uploads\/2019\/06\/jujuy-post.jpg\" \/>\n\t<meta property=\"og:image:width\" content=\"1024\" \/>\n\t<meta property=\"og:image:height\" content=\"350\" \/>\n\t<meta property=\"og:image:type\" content=\"image\/jpeg\" \/>\n<meta name=\"author\" content=\"El Kaminante\" \/>\n<meta name=\"twitter:card\" content=\"summary_large_image\" \/>\n<meta name=\"twitter:label1\" content=\"Written by\" \/>\n\t<meta name=\"twitter:data1\" content=\"El Kaminante\" \/>\n\t<meta name=\"twitter:label2\" content=\"Est. reading time\" \/>\n\t<meta name=\"twitter:data2\" content=\"1 minute\" \/>\n<script type=\"application\/ld+json\" class=\"yoast-schema-graph\">{\"@context\":\"https:\/\/schema.org\",\"@graph\":[{\"@type\":\"Article\",\"@id\":\"https:\/\/elkaminante.com.uy\/blog\/san-salvador-de-jujuy-a-la-tierra-de-los-incas\/#article\",\"isPartOf\":{\"@id\":\"https:\/\/elkaminante.com.uy\/blog\/san-salvador-de-jujuy-a-la-tierra-de-los-incas\/\"},\"author\":{\"name\":\"El Kaminante\",\"@id\":\"https:\/\/elkaminante.com.uy\/#\/schema\/person\/3bef2e6076b30f7fb49c2ebfef68e158\"},\"headline\":\"San Salvador de Jujuy &#8211; A la Tierra de los Incas\",\"datePublished\":\"2015-05-13T21:06:13+00:00\",\"mainEntityOfPage\":{\"@id\":\"https:\/\/elkaminante.com.uy\/blog\/san-salvador-de-jujuy-a-la-tierra-de-los-incas\/\"},\"wordCount\":170,\"publisher\":{\"@id\":\"https:\/\/elkaminante.com.uy\/#organization\"},\"image\":{\"@id\":\"https:\/\/elkaminante.com.uy\/blog\/san-salvador-de-jujuy-a-la-tierra-de-los-incas\/#primaryimage\"},\"thumbnailUrl\":\"https:\/\/elkaminante.com.uy\/wp-content\/uploads\/2019\/06\/jujuy-post.jpg\",\"articleSection\":[\"La Tierra de los Incas\"],\"inLanguage\":\"en-US\"},{\"@type\":\"WebPage\",\"@id\":\"https:\/\/elkaminante.com.uy\/blog\/san-salvador-de-jujuy-a-la-tierra-de-los-incas\/\",\"url\":\"https:\/\/elkaminante.com.uy\/blog\/san-salvador-de-jujuy-a-la-tierra-de-los-incas\/\",\"name\":\"San Salvador de Jujuy - A la Tierra de los Incas\",\"isPartOf\":{\"@id\":\"https:\/\/elkaminante.com.uy\/#website\"},\"primaryImageOfPage\":{\"@id\":\"https:\/\/elkaminante.com.uy\/blog\/san-salvador-de-jujuy-a-la-tierra-de-los-incas\/#primaryimage\"},\"image\":{\"@id\":\"https:\/\/elkaminante.com.uy\/blog\/san-salvador-de-jujuy-a-la-tierra-de-los-incas\/#primaryimage\"},\"thumbnailUrl\":\"https:\/\/elkaminante.com.uy\/wp-content\/uploads\/2019\/06\/jujuy-post.jpg\",\"datePublished\":\"2015-05-13T21:06:13+00:00\",\"breadcrumb\":{\"@id\":\"https:\/\/elkaminante.com.uy\/blog\/san-salvador-de-jujuy-a-la-tierra-de-los-incas\/#breadcrumb\"},\"inLanguage\":\"en-US\",\"potentialAction\":[{\"@type\":\"ReadAction\",\"target\":[\"https:\/\/elkaminante.com.uy\/blog\/san-salvador-de-jujuy-a-la-tierra-de-los-incas\/\"]}]},{\"@type\":\"ImageObject\",\"inLanguage\":\"en-US\",\"@id\":\"https:\/\/elkaminante.com.uy\/blog\/san-salvador-de-jujuy-a-la-tierra-de-los-incas\/#primaryimage\",\"url\":\"https:\/\/elkaminante.com.uy\/wp-content\/uploads\/2019\/06\/jujuy-post.jpg\",\"contentUrl\":\"https:\/\/elkaminante.com.uy\/wp-content\/uploads\/2019\/06\/jujuy-post.jpg\",\"width\":1024,\"height\":350},{\"@type\":\"BreadcrumbList\",\"@id\":\"https:\/\/elkaminante.com.uy\/blog\/san-salvador-de-jujuy-a-la-tierra-de-los-incas\/#breadcrumb\",\"itemListElement\":[{\"@type\":\"ListItem\",\"position\":1,\"name\":\"Inicio\",\"item\":\"https:\/\/elkaminante.com.uy\/en\/\"},{\"@type\":\"ListItem\",\"position\":2,\"name\":\"San Salvador de Jujuy &#8211; A la Tierra de los Incas\"}]},{\"@type\":\"WebSite\",\"@id\":\"https:\/\/elkaminante.com.uy\/#website\",\"url\":\"https:\/\/elkaminante.com.uy\/\",\"name\":\"El Kaminante\",\"description\":\"Viajes &amp; Turismo\",\"publisher\":{\"@id\":\"https:\/\/elkaminante.com.uy\/#organization\"},\"potentialAction\":[{\"@type\":\"SearchAction\",\"target\":{\"@type\":\"EntryPoint\",\"urlTemplate\":\"https:\/\/elkaminante.com.uy\/?s={search_term_string}\"},\"query-input\":{\"@type\":\"PropertyValueSpecification\",\"valueRequired\":true,\"valueName\":\"search_term_string\"}}],\"inLanguage\":\"en-US\"},{\"@type\":\"Organization\",\"@id\":\"https:\/\/elkaminante.com.uy\/#organization\",\"name\":\"El Kaminante\",\"url\":\"https:\/\/elkaminante.com.uy\/\",\"logo\":{\"@type\":\"ImageObject\",\"inLanguage\":\"en-US\",\"@id\":\"https:\/\/elkaminante.com.uy\/#\/schema\/logo\/image\/\",\"url\":\"https:\/\/elkaminante.com.uy\/wp-content\/uploads\/2025\/02\/logo-elkaminante-blanco.svg\",\"contentUrl\":\"https:\/\/elkaminante.com.uy\/wp-content\/uploads\/2025\/02\/logo-elkaminante-blanco.svg\",\"caption\":\"El Kaminante\"},\"image\":{\"@id\":\"https:\/\/elkaminante.com.uy\/#\/schema\/logo\/image\/\"}},{\"@type\":\"Person\",\"@id\":\"https:\/\/elkaminante.com.uy\/#\/schema\/person\/3bef2e6076b30f7fb49c2ebfef68e158\",\"name\":\"El Kaminante\",\"image\":{\"@type\":\"ImageObject\",\"inLanguage\":\"en-US\",\"@id\":\"https:\/\/secure.gravatar.com\/avatar\/e323e6b9b7e9228f473a6bf0248544fb5734b5446609827abc7d3805b450f589?s=96&d=mm&r=g\",\"url\":\"https:\/\/secure.gravatar.com\/avatar\/e323e6b9b7e9228f473a6bf0248544fb5734b5446609827abc7d3805b450f589?s=96&d=mm&r=g\",\"contentUrl\":\"https:\/\/secure.gravatar.com\/avatar\/e323e6b9b7e9228f473a6bf0248544fb5734b5446609827abc7d3805b450f589?s=96&d=mm&r=g\",\"caption\":\"El Kaminante\"},\"description\":\"Viajes &amp; Turismo\"}]}<\/script>\n<!-- \/ Yoast SEO plugin. -->","yoast_head_json":{"title":"San Salvador de Jujuy - A la Tierra de los Incas","robots":{"index":"index","follow":"follow","max-snippet":"max-snippet:-1","max-image-preview":"max-image-preview:large","max-video-preview":"max-video-preview:-1"},"canonical":"https:\/\/elkaminante.com.uy\/blog\/san-salvador-de-jujuy-a-la-tierra-de-los-incas\/","og_locale":"en_US","og_type":"article","og_title":"San Salvador de Jujuy - A la Tierra de los Incas","og_description":"Uno de los\u00a0primeros destinos en nuestro viaje a\u00a0La Tierra de los Incas. Ubicada al sur de Jujuy, en la regi\u00f3n de los Valles Templados, es la capital de la provincia y uno de los circuitos b\u00e1sicos para comenzar a recorrerla. Un moderno proceso de expansi\u00f3n hizo que San Salvador de Jujuy creciera m\u00e1s all\u00e1 de&hellip;","og_url":"https:\/\/elkaminante.com.uy\/blog\/san-salvador-de-jujuy-a-la-tierra-de-los-incas\/","og_site_name":"El Kaminante","article_published_time":"2015-05-13T21:06:13+00:00","og_image":[{"width":1024,"height":350,"url":"https:\/\/elkaminante.com.uy\/wp-content\/uploads\/2019\/06\/jujuy-post.jpg","type":"image\/jpeg"}],"author":"El Kaminante","twitter_card":"summary_large_image","twitter_misc":{"Written by":"El Kaminante","Est. reading time":"1 minute"},"schema":{"@context":"https:\/\/schema.org","@graph":[{"@type":"Article","@id":"https:\/\/elkaminante.com.uy\/blog\/san-salvador-de-jujuy-a-la-tierra-de-los-incas\/#article","isPartOf":{"@id":"https:\/\/elkaminante.com.uy\/blog\/san-salvador-de-jujuy-a-la-tierra-de-los-incas\/"},"author":{"name":"El Kaminante","@id":"https:\/\/elkaminante.com.uy\/#\/schema\/person\/3bef2e6076b30f7fb49c2ebfef68e158"},"headline":"San Salvador de Jujuy &#8211; A la Tierra de los Incas","datePublished":"2015-05-13T21:06:13+00:00","mainEntityOfPage":{"@id":"https:\/\/elkaminante.com.uy\/blog\/san-salvador-de-jujuy-a-la-tierra-de-los-incas\/"},"wordCount":170,"publisher":{"@id":"https:\/\/elkaminante.com.uy\/#organization"},"image":{"@id":"https:\/\/elkaminante.com.uy\/blog\/san-salvador-de-jujuy-a-la-tierra-de-los-incas\/#primaryimage"},"thumbnailUrl":"https:\/\/elkaminante.com.uy\/wp-content\/uploads\/2019\/06\/jujuy-post.jpg","articleSection":["La Tierra de los Incas"],"inLanguage":"en-US"},{"@type":"WebPage","@id":"https:\/\/elkaminante.com.uy\/blog\/san-salvador-de-jujuy-a-la-tierra-de-los-incas\/","url":"https:\/\/elkaminante.com.uy\/blog\/san-salvador-de-jujuy-a-la-tierra-de-los-incas\/","name":"San Salvador de Jujuy - A la Tierra de los Incas","isPartOf":{"@id":"https:\/\/elkaminante.com.uy\/#website"},"primaryImageOfPage":{"@id":"https:\/\/elkaminante.com.uy\/blog\/san-salvador-de-jujuy-a-la-tierra-de-los-incas\/#primaryimage"},"image":{"@id":"https:\/\/elkaminante.com.uy\/blog\/san-salvador-de-jujuy-a-la-tierra-de-los-incas\/#primaryimage"},"thumbnailUrl":"https:\/\/elkaminante.com.uy\/wp-content\/uploads\/2019\/06\/jujuy-post.jpg","datePublished":"2015-05-13T21:06:13+00:00","breadcrumb":{"@id":"https:\/\/elkaminante.com.uy\/blog\/san-salvador-de-jujuy-a-la-tierra-de-los-incas\/#breadcrumb"},"inLanguage":"en-US","potentialAction":[{"@type":"ReadAction","target":["https:\/\/elkaminante.com.uy\/blog\/san-salvador-de-jujuy-a-la-tierra-de-los-incas\/"]}]},{"@type":"ImageObject","inLanguage":"en-US","@id":"https:\/\/elkaminante.com.uy\/blog\/san-salvador-de-jujuy-a-la-tierra-de-los-incas\/#primaryimage","url":"https:\/\/elkaminante.com.uy\/wp-content\/uploads\/2019\/06\/jujuy-post.jpg","contentUrl":"https:\/\/elkaminante.com.uy\/wp-content\/uploads\/2019\/06\/jujuy-post.jpg","width":1024,"height":350},{"@type":"BreadcrumbList","@id":"https:\/\/elkaminante.com.uy\/blog\/san-salvador-de-jujuy-a-la-tierra-de-los-incas\/#breadcrumb","itemListElement":[{"@type":"ListItem","position":1,"name":"Inicio","item":"https:\/\/elkaminante.com.uy\/en\/"},{"@type":"ListItem","position":2,"name":"San Salvador de Jujuy &#8211; A la Tierra de los Incas"}]},{"@type":"WebSite","@id":"https:\/\/elkaminante.com.uy\/#website","url":"https:\/\/elkaminante.com.uy\/","name":"El Kaminante","description":"Viajes &amp; Turismo","publisher":{"@id":"https:\/\/elkaminante.com.uy\/#organization"},"potentialAction":[{"@type":"SearchAction","target":{"@type":"EntryPoint","urlTemplate":"https:\/\/elkaminante.com.uy\/?s={search_term_string}"},"query-input":{"@type":"PropertyValueSpecification","valueRequired":true,"valueName":"search_term_string"}}],"inLanguage":"en-US"},{"@type":"Organization","@id":"https:\/\/elkaminante.com.uy\/#organization","name":"El Kaminante","url":"https:\/\/elkaminante.com.uy\/","logo":{"@type":"ImageObject","inLanguage":"en-US","@id":"https:\/\/elkaminante.com.uy\/#\/schema\/logo\/image\/","url":"https:\/\/elkaminante.com.uy\/wp-content\/uploads\/2025\/02\/logo-elkaminante-blanco.svg","contentUrl":"https:\/\/elkaminante.com.uy\/wp-content\/uploads\/2025\/02\/logo-elkaminante-blanco.svg","caption":"El Kaminante"},"image":{"@id":"https:\/\/elkaminante.com.uy\/#\/schema\/logo\/image\/"}},{"@type":"Person","@id":"https:\/\/elkaminante.com.uy\/#\/schema\/person\/3bef2e6076b30f7fb49c2ebfef68e158","name":"El Kaminante","image":{"@type":"ImageObject","inLanguage":"en-US","@id":"https:\/\/secure.gravatar.com\/avatar\/e323e6b9b7e9228f473a6bf0248544fb5734b5446609827abc7d3805b450f589?s=96&d=mm&r=g","url":"https:\/\/secure.gravatar.com\/avatar\/e323e6b9b7e9228f473a6bf0248544fb5734b5446609827abc7d3805b450f589?s=96&d=mm&r=g","contentUrl":"https:\/\/secure.gravatar.com\/avatar\/e323e6b9b7e9228f473a6bf0248544fb5734b5446609827abc7d3805b450f589?s=96&d=mm&r=g","caption":"El Kaminante"},"description":"Viajes &amp; Turismo"}]}},"_links":{"self":[{"href":"https:\/\/elkaminante.com.uy\/en\/wp-json\/wp\/v2\/posts\/1078","targetHints":{"allow":["GET"]}}],"collection":[{"href":"https:\/\/elkaminante.com.uy\/en\/wp-json\/wp\/v2\/posts"}],"about":[{"href":"https:\/\/elkaminante.com.uy\/en\/wp-json\/wp\/v2\/types\/post"}],"author":[{"embeddable":true,"href":"https:\/\/elkaminante.com.uy\/en\/wp-json\/wp\/v2\/users\/2"}],"replies":[{"embeddable":true,"href":"https:\/\/elkaminante.com.uy\/en\/wp-json\/wp\/v2\/comments?post=1078"}],"version-history":[{"count":0,"href":"https:\/\/elkaminante.com.uy\/en\/wp-json\/wp\/v2\/posts\/1078\/revisions"}],"wp:featuredmedia":[{"embeddable":true,"href":"https:\/\/elkaminante.com.uy\/en\/wp-json\/wp\/v2\/media\/5870"}],"wp:attachment":[{"href":"https:\/\/elkaminante.com.uy\/en\/wp-json\/wp\/v2\/media?parent=1078"}],"wp:term":[{"taxonomy":"category","embeddable":true,"href":"https:\/\/elkaminante.com.uy\/en\/wp-json\/wp\/v2\/categories?post=1078"},{"taxonomy":"post_tag","embeddable":true,"href":"https:\/\/elkaminante.com.uy\/en\/wp-json\/wp\/v2\/tags?post=1078"}],"curies":[{"name":"wp","href":"https:\/\/api.w.org\/{rel}","templated":true}]}}