{"id":1046,"date":"2015-04-25T13:55:04","date_gmt":"2015-04-25T15:55:04","guid":{"rendered":"http:\/\/www.elkaminante.com.uy\/?p=1046"},"modified":"2015-04-25T13:55:04","modified_gmt":"2015-04-25T15:55:04","slug":"reunion-de-grupo-de-viaje-a-la-tierra-de-los-incas","status":"publish","type":"post","link":"https:\/\/elkaminante.com.uy\/en\/blog\/reunion-de-grupo-de-viaje-a-la-tierra-de-los-incas\/","title":{"rendered":"Reuni\u00f3n de grupo de viaje &#8230;A LA TIERRA DE LOS INCAS"},"content":{"rendered":"<p align=\"center\"><b><i>Reuni\u00f3n informativa de un cl\u00e1sico de <span style=\"color: #ff0000;\">el<\/span><span style=\"color: #0000ff;\">k<\/span><span style=\"color: #ff0000;\">aminante<\/span>!!!<\/i><\/b><\/p>\n<p><span style=\"font-size: large;\"><b>Mi\u00e9rcoles\u00a029 de Abril\u00a019:00 hs.\u00a0<\/b>en el\u00a0Edificio \u201cLa Palma\u201d en Av. L. A. de Herrera 2724 esq. Monte Caseros.<\/span><\/p>\n<div>\n<div dir=\"ltr\">\n<div title=\"Page 1\">\n<p><span style=\"font-size: large;\">Los esperamos!!!<\/span><\/p>\n<p>nos vamos de viaje<\/p>\n<p><span style=\"font-size: large; color: #0000ff;\">del 25\u00a0de Junio\u00a0al 14 de Julio\u00a0de 2015<\/span><\/p>\n<p><span style=\"font-size: large; color: #ff0000;\">\u00a0&#8230;a la Tierra de los Incas<\/span><\/p>\n<p>Norte de Argentina y Chile por Desierto de Atacama, hasta llegar al centro de la Tierra Inca: Cusco, Valle Sagrado y Machu Picchu, por camino Inca, por tren o Inca Jungle. Al retorno altiplano de Per\u00fa y Bolivia.<\/p>\n<\/div>\n<\/div>\n<\/div>\n\n\n<figure class=\"wp-block-image\"><img decoding=\"async\" src=\"http:\/\/elkaminante.com.uy\/wp-content\/uploads\/Reuni\u00f3n-Per\u00fa-2015-copia-1024x1024.jpg\" alt=\"\" class=\"wp-image-5878\"\/><\/figure>\n","protected":false},"excerpt":{"rendered":"<p>Reuni\u00f3n informativa de un cl\u00e1sico de elkaminante!!! Mi\u00e9rcoles\u00a029 de Abril\u00a019:00 hs.\u00a0en el\u00a0Edificio \u201cLa Palma\u201d en Av. L. A. de Herrera 2724 esq. Monte Caseros. Los esperamos!!! nos vamos de viaje del 25\u00a0de Junio\u00a0al 14 de Julio\u00a0de 2015 \u00a0&#8230;a la Tierra de los Incas Norte de Argentina y Chile por Desierto de Atacama, hasta llegar al&hellip;<\/p>\n","protected":false},"author":2,"featured_media":5875,"comment_status":"closed","ping_status":"closed","sticky":false,"template":"","format":"standard","meta":{"_acf_changed":false,"inline_featured_image":false,"footnotes":""},"categories":[38],"tags":[],"class_list":["post-1046","post","type-post","status-publish","format-standard","has-post-thumbnail","hentry","category-novedades","entry","has-media"],"acf":[],"yoast_head":"<!-- This site is optimized with the Yoast SEO plugin v27.2 - https:\/\/yoast.com\/product\/yoast-seo-wordpress\/ -->\n<title>Reuni\u00f3n de grupo de viaje ...A LA TIERRA DE LOS INCAS<\/title>\n<meta name=\"robots\" content=\"index, follow, max-snippet:-1, max-image-preview:large, max-video-preview:-1\" \/>\n<link rel=\"canonical\" href=\"https:\/\/elkaminante.com.uy\/blog\/reunion-de-grupo-de-viaje-a-la-tierra-de-los-incas\/\" \/>\n<meta property=\"og:locale\" content=\"en_US\" \/>\n<meta property=\"og:type\" content=\"article\" \/>\n<meta property=\"og:title\" content=\"Reuni\u00f3n de grupo de viaje ...A LA TIERRA DE LOS INCAS\" \/>\n<meta property=\"og:description\" content=\"Reuni\u00f3n informativa de un cl\u00e1sico de elkaminante!!! Mi\u00e9rcoles\u00a029 de Abril\u00a019:00 hs.\u00a0en el\u00a0Edificio \u201cLa Palma\u201d en Av. L. A. de Herrera 2724 esq. Monte Caseros. Los esperamos!!! nos vamos de viaje del 25\u00a0de Junio\u00a0al 14 de Julio\u00a0de 2015 \u00a0&#8230;a la Tierra de los Incas Norte de Argentina y Chile por Desierto de Atacama, hasta llegar al&hellip;\" \/>\n<meta property=\"og:url\" content=\"https:\/\/elkaminante.com.uy\/blog\/reunion-de-grupo-de-viaje-a-la-tierra-de-los-incas\/\" \/>\n<meta property=\"og:site_name\" content=\"El Kaminante\" \/>\n<meta property=\"article:published_time\" content=\"2015-04-25T15:55:04+00:00\" \/>\n<meta property=\"og:image\" content=\"https:\/\/elkaminante.com.uy\/wp-content\/uploads\/2019\/06\/incas-featured-1645-1600x362-1.jpg\" \/>\n\t<meta property=\"og:image:width\" content=\"1600\" \/>\n\t<meta property=\"og:image:height\" content=\"362\" \/>\n\t<meta property=\"og:image:type\" content=\"image\/jpeg\" \/>\n<meta name=\"author\" content=\"El Kaminante\" \/>\n<meta name=\"twitter:card\" content=\"summary_large_image\" \/>\n<meta name=\"twitter:label1\" content=\"Written by\" \/>\n\t<meta name=\"twitter:data1\" content=\"El Kaminante\" \/>\n<script type=\"application\/ld+json\" class=\"yoast-schema-graph\">{\"@context\":\"https:\/\/schema.org\",\"@graph\":[{\"@type\":\"Article\",\"@id\":\"https:\/\/elkaminante.com.uy\/blog\/reunion-de-grupo-de-viaje-a-la-tierra-de-los-incas\/#article\",\"isPartOf\":{\"@id\":\"https:\/\/elkaminante.com.uy\/blog\/reunion-de-grupo-de-viaje-a-la-tierra-de-los-incas\/\"},\"author\":{\"name\":\"El Kaminante\",\"@id\":\"https:\/\/elkaminante.com.uy\/#\/schema\/person\/3bef2e6076b30f7fb49c2ebfef68e158\"},\"headline\":\"Reuni\u00f3n de grupo de viaje &#8230;A LA TIERRA DE LOS INCAS\",\"datePublished\":\"2015-04-25T15:55:04+00:00\",\"mainEntityOfPage\":{\"@id\":\"https:\/\/elkaminante.com.uy\/blog\/reunion-de-grupo-de-viaje-a-la-tierra-de-los-incas\/\"},\"wordCount\":99,\"publisher\":{\"@id\":\"https:\/\/elkaminante.com.uy\/#organization\"},\"image\":{\"@id\":\"https:\/\/elkaminante.com.uy\/blog\/reunion-de-grupo-de-viaje-a-la-tierra-de-los-incas\/#primaryimage\"},\"thumbnailUrl\":\"https:\/\/elkaminante.com.uy\/wp-content\/uploads\/2019\/06\/incas-featured-1645-1600x362-1.jpg\",\"articleSection\":[\"Novedades\"],\"inLanguage\":\"en-US\"},{\"@type\":\"WebPage\",\"@id\":\"https:\/\/elkaminante.com.uy\/blog\/reunion-de-grupo-de-viaje-a-la-tierra-de-los-incas\/\",\"url\":\"https:\/\/elkaminante.com.uy\/blog\/reunion-de-grupo-de-viaje-a-la-tierra-de-los-incas\/\",\"name\":\"Reuni\u00f3n de grupo de viaje ...A LA TIERRA DE LOS INCAS\",\"isPartOf\":{\"@id\":\"https:\/\/elkaminante.com.uy\/#website\"},\"primaryImageOfPage\":{\"@id\":\"https:\/\/elkaminante.com.uy\/blog\/reunion-de-grupo-de-viaje-a-la-tierra-de-los-incas\/#primaryimage\"},\"image\":{\"@id\":\"https:\/\/elkaminante.com.uy\/blog\/reunion-de-grupo-de-viaje-a-la-tierra-de-los-incas\/#primaryimage\"},\"thumbnailUrl\":\"https:\/\/elkaminante.com.uy\/wp-content\/uploads\/2019\/06\/incas-featured-1645-1600x362-1.jpg\",\"datePublished\":\"2015-04-25T15:55:04+00:00\",\"breadcrumb\":{\"@id\":\"https:\/\/elkaminante.com.uy\/blog\/reunion-de-grupo-de-viaje-a-la-tierra-de-los-incas\/#breadcrumb\"},\"inLanguage\":\"en-US\",\"potentialAction\":[{\"@type\":\"ReadAction\",\"target\":[\"https:\/\/elkaminante.com.uy\/blog\/reunion-de-grupo-de-viaje-a-la-tierra-de-los-incas\/\"]}]},{\"@type\":\"ImageObject\",\"inLanguage\":\"en-US\",\"@id\":\"https:\/\/elkaminante.com.uy\/blog\/reunion-de-grupo-de-viaje-a-la-tierra-de-los-incas\/#primaryimage\",\"url\":\"https:\/\/elkaminante.com.uy\/wp-content\/uploads\/2019\/06\/incas-featured-1645-1600x362-1.jpg\",\"contentUrl\":\"https:\/\/elkaminante.com.uy\/wp-content\/uploads\/2019\/06\/incas-featured-1645-1600x362-1.jpg\",\"width\":1600,\"height\":362},{\"@type\":\"BreadcrumbList\",\"@id\":\"https:\/\/elkaminante.com.uy\/blog\/reunion-de-grupo-de-viaje-a-la-tierra-de-los-incas\/#breadcrumb\",\"itemListElement\":[{\"@type\":\"ListItem\",\"position\":1,\"name\":\"Inicio\",\"item\":\"https:\/\/elkaminante.com.uy\/en\/\"},{\"@type\":\"ListItem\",\"position\":2,\"name\":\"Reuni\u00f3n de grupo de viaje &#8230;A LA TIERRA DE LOS INCAS\"}]},{\"@type\":\"WebSite\",\"@id\":\"https:\/\/elkaminante.com.uy\/#website\",\"url\":\"https:\/\/elkaminante.com.uy\/\",\"name\":\"El Kaminante\",\"description\":\"Viajes &amp; Turismo\",\"publisher\":{\"@id\":\"https:\/\/elkaminante.com.uy\/#organization\"},\"potentialAction\":[{\"@type\":\"SearchAction\",\"target\":{\"@type\":\"EntryPoint\",\"urlTemplate\":\"https:\/\/elkaminante.com.uy\/?s={search_term_string}\"},\"query-input\":{\"@type\":\"PropertyValueSpecification\",\"valueRequired\":true,\"valueName\":\"search_term_string\"}}],\"inLanguage\":\"en-US\"},{\"@type\":\"Organization\",\"@id\":\"https:\/\/elkaminante.com.uy\/#organization\",\"name\":\"El Kaminante\",\"url\":\"https:\/\/elkaminante.com.uy\/\",\"logo\":{\"@type\":\"ImageObject\",\"inLanguage\":\"en-US\",\"@id\":\"https:\/\/elkaminante.com.uy\/#\/schema\/logo\/image\/\",\"url\":\"https:\/\/elkaminante.com.uy\/wp-content\/uploads\/2025\/02\/logo-elkaminante-blanco.svg\",\"contentUrl\":\"https:\/\/elkaminante.com.uy\/wp-content\/uploads\/2025\/02\/logo-elkaminante-blanco.svg\",\"caption\":\"El Kaminante\"},\"image\":{\"@id\":\"https:\/\/elkaminante.com.uy\/#\/schema\/logo\/image\/\"}},{\"@type\":\"Person\",\"@id\":\"https:\/\/elkaminante.com.uy\/#\/schema\/person\/3bef2e6076b30f7fb49c2ebfef68e158\",\"name\":\"El Kaminante\",\"image\":{\"@type\":\"ImageObject\",\"inLanguage\":\"en-US\",\"@id\":\"https:\/\/secure.gravatar.com\/avatar\/e323e6b9b7e9228f473a6bf0248544fb5734b5446609827abc7d3805b450f589?s=96&d=mm&r=g\",\"url\":\"https:\/\/secure.gravatar.com\/avatar\/e323e6b9b7e9228f473a6bf0248544fb5734b5446609827abc7d3805b450f589?s=96&d=mm&r=g\",\"contentUrl\":\"https:\/\/secure.gravatar.com\/avatar\/e323e6b9b7e9228f473a6bf0248544fb5734b5446609827abc7d3805b450f589?s=96&d=mm&r=g\",\"caption\":\"El Kaminante\"},\"description\":\"Viajes &amp; Turismo\"}]}<\/script>\n<!-- \/ Yoast SEO plugin. -->","yoast_head_json":{"title":"Reuni\u00f3n de grupo de viaje ...A LA TIERRA DE LOS INCAS","robots":{"index":"index","follow":"follow","max-snippet":"max-snippet:-1","max-image-preview":"max-image-preview:large","max-video-preview":"max-video-preview:-1"},"canonical":"https:\/\/elkaminante.com.uy\/blog\/reunion-de-grupo-de-viaje-a-la-tierra-de-los-incas\/","og_locale":"en_US","og_type":"article","og_title":"Reuni\u00f3n de grupo de viaje ...A LA TIERRA DE LOS INCAS","og_description":"Reuni\u00f3n informativa de un cl\u00e1sico de elkaminante!!! Mi\u00e9rcoles\u00a029 de Abril\u00a019:00 hs.\u00a0en el\u00a0Edificio \u201cLa Palma\u201d en Av. L. A. de Herrera 2724 esq. Monte Caseros. Los esperamos!!! nos vamos de viaje del 25\u00a0de Junio\u00a0al 14 de Julio\u00a0de 2015 \u00a0&#8230;a la Tierra de los Incas Norte de Argentina y Chile por Desierto de Atacama, hasta llegar al&hellip;","og_url":"https:\/\/elkaminante.com.uy\/blog\/reunion-de-grupo-de-viaje-a-la-tierra-de-los-incas\/","og_site_name":"El Kaminante","article_published_time":"2015-04-25T15:55:04+00:00","og_image":[{"width":1600,"height":362,"url":"https:\/\/elkaminante.com.uy\/wp-content\/uploads\/2019\/06\/incas-featured-1645-1600x362-1.jpg","type":"image\/jpeg"}],"author":"El Kaminante","twitter_card":"summary_large_image","twitter_misc":{"Written by":"El Kaminante"},"schema":{"@context":"https:\/\/schema.org","@graph":[{"@type":"Article","@id":"https:\/\/elkaminante.com.uy\/blog\/reunion-de-grupo-de-viaje-a-la-tierra-de-los-incas\/#article","isPartOf":{"@id":"https:\/\/elkaminante.com.uy\/blog\/reunion-de-grupo-de-viaje-a-la-tierra-de-los-incas\/"},"author":{"name":"El Kaminante","@id":"https:\/\/elkaminante.com.uy\/#\/schema\/person\/3bef2e6076b30f7fb49c2ebfef68e158"},"headline":"Reuni\u00f3n de grupo de viaje &#8230;A LA TIERRA DE LOS INCAS","datePublished":"2015-04-25T15:55:04+00:00","mainEntityOfPage":{"@id":"https:\/\/elkaminante.com.uy\/blog\/reunion-de-grupo-de-viaje-a-la-tierra-de-los-incas\/"},"wordCount":99,"publisher":{"@id":"https:\/\/elkaminante.com.uy\/#organization"},"image":{"@id":"https:\/\/elkaminante.com.uy\/blog\/reunion-de-grupo-de-viaje-a-la-tierra-de-los-incas\/#primaryimage"},"thumbnailUrl":"https:\/\/elkaminante.com.uy\/wp-content\/uploads\/2019\/06\/incas-featured-1645-1600x362-1.jpg","articleSection":["Novedades"],"inLanguage":"en-US"},{"@type":"WebPage","@id":"https:\/\/elkaminante.com.uy\/blog\/reunion-de-grupo-de-viaje-a-la-tierra-de-los-incas\/","url":"https:\/\/elkaminante.com.uy\/blog\/reunion-de-grupo-de-viaje-a-la-tierra-de-los-incas\/","name":"Reuni\u00f3n de grupo de viaje ...A LA TIERRA DE LOS INCAS","isPartOf":{"@id":"https:\/\/elkaminante.com.uy\/#website"},"primaryImageOfPage":{"@id":"https:\/\/elkaminante.com.uy\/blog\/reunion-de-grupo-de-viaje-a-la-tierra-de-los-incas\/#primaryimage"},"image":{"@id":"https:\/\/elkaminante.com.uy\/blog\/reunion-de-grupo-de-viaje-a-la-tierra-de-los-incas\/#primaryimage"},"thumbnailUrl":"https:\/\/elkaminante.com.uy\/wp-content\/uploads\/2019\/06\/incas-featured-1645-1600x362-1.jpg","datePublished":"2015-04-25T15:55:04+00:00","breadcrumb":{"@id":"https:\/\/elkaminante.com.uy\/blog\/reunion-de-grupo-de-viaje-a-la-tierra-de-los-incas\/#breadcrumb"},"inLanguage":"en-US","potentialAction":[{"@type":"ReadAction","target":["https:\/\/elkaminante.com.uy\/blog\/reunion-de-grupo-de-viaje-a-la-tierra-de-los-incas\/"]}]},{"@type":"ImageObject","inLanguage":"en-US","@id":"https:\/\/elkaminante.com.uy\/blog\/reunion-de-grupo-de-viaje-a-la-tierra-de-los-incas\/#primaryimage","url":"https:\/\/elkaminante.com.uy\/wp-content\/uploads\/2019\/06\/incas-featured-1645-1600x362-1.jpg","contentUrl":"https:\/\/elkaminante.com.uy\/wp-content\/uploads\/2019\/06\/incas-featured-1645-1600x362-1.jpg","width":1600,"height":362},{"@type":"BreadcrumbList","@id":"https:\/\/elkaminante.com.uy\/blog\/reunion-de-grupo-de-viaje-a-la-tierra-de-los-incas\/#breadcrumb","itemListElement":[{"@type":"ListItem","position":1,"name":"Inicio","item":"https:\/\/elkaminante.com.uy\/en\/"},{"@type":"ListItem","position":2,"name":"Reuni\u00f3n de grupo de viaje &#8230;A LA TIERRA DE LOS INCAS"}]},{"@type":"WebSite","@id":"https:\/\/elkaminante.com.uy\/#website","url":"https:\/\/elkaminante.com.uy\/","name":"El Kaminante","description":"Viajes &amp; Turismo","publisher":{"@id":"https:\/\/elkaminante.com.uy\/#organization"},"potentialAction":[{"@type":"SearchAction","target":{"@type":"EntryPoint","urlTemplate":"https:\/\/elkaminante.com.uy\/?s={search_term_string}"},"query-input":{"@type":"PropertyValueSpecification","valueRequired":true,"valueName":"search_term_string"}}],"inLanguage":"en-US"},{"@type":"Organization","@id":"https:\/\/elkaminante.com.uy\/#organization","name":"El Kaminante","url":"https:\/\/elkaminante.com.uy\/","logo":{"@type":"ImageObject","inLanguage":"en-US","@id":"https:\/\/elkaminante.com.uy\/#\/schema\/logo\/image\/","url":"https:\/\/elkaminante.com.uy\/wp-content\/uploads\/2025\/02\/logo-elkaminante-blanco.svg","contentUrl":"https:\/\/elkaminante.com.uy\/wp-content\/uploads\/2025\/02\/logo-elkaminante-blanco.svg","caption":"El Kaminante"},"image":{"@id":"https:\/\/elkaminante.com.uy\/#\/schema\/logo\/image\/"}},{"@type":"Person","@id":"https:\/\/elkaminante.com.uy\/#\/schema\/person\/3bef2e6076b30f7fb49c2ebfef68e158","name":"El Kaminante","image":{"@type":"ImageObject","inLanguage":"en-US","@id":"https:\/\/secure.gravatar.com\/avatar\/e323e6b9b7e9228f473a6bf0248544fb5734b5446609827abc7d3805b450f589?s=96&d=mm&r=g","url":"https:\/\/secure.gravatar.com\/avatar\/e323e6b9b7e9228f473a6bf0248544fb5734b5446609827abc7d3805b450f589?s=96&d=mm&r=g","contentUrl":"https:\/\/secure.gravatar.com\/avatar\/e323e6b9b7e9228f473a6bf0248544fb5734b5446609827abc7d3805b450f589?s=96&d=mm&r=g","caption":"El Kaminante"},"description":"Viajes &amp; Turismo"}]}},"_links":{"self":[{"href":"https:\/\/elkaminante.com.uy\/en\/wp-json\/wp\/v2\/posts\/1046","targetHints":{"allow":["GET"]}}],"collection":[{"href":"https:\/\/elkaminante.com.uy\/en\/wp-json\/wp\/v2\/posts"}],"about":[{"href":"https:\/\/elkaminante.com.uy\/en\/wp-json\/wp\/v2\/types\/post"}],"author":[{"embeddable":true,"href":"https:\/\/elkaminante.com.uy\/en\/wp-json\/wp\/v2\/users\/2"}],"replies":[{"embeddable":true,"href":"https:\/\/elkaminante.com.uy\/en\/wp-json\/wp\/v2\/comments?post=1046"}],"version-history":[{"count":0,"href":"https:\/\/elkaminante.com.uy\/en\/wp-json\/wp\/v2\/posts\/1046\/revisions"}],"wp:featuredmedia":[{"embeddable":true,"href":"https:\/\/elkaminante.com.uy\/en\/wp-json\/wp\/v2\/media\/5875"}],"wp:attachment":[{"href":"https:\/\/elkaminante.com.uy\/en\/wp-json\/wp\/v2\/media?parent=1046"}],"wp:term":[{"taxonomy":"category","embeddable":true,"href":"https:\/\/elkaminante.com.uy\/en\/wp-json\/wp\/v2\/categories?post=1046"},{"taxonomy":"post_tag","embeddable":true,"href":"https:\/\/elkaminante.com.uy\/en\/wp-json\/wp\/v2\/tags?post=1046"}],"curies":[{"name":"wp","href":"https:\/\/api.w.org\/{rel}","templated":true}]}}